{"id":1108,"date":"2023-12-29T18:55:08","date_gmt":"2023-12-29T15:55:08","guid":{"rendered":"https:\/\/kreablog.com\/tesla-robotu-calisana-saldirmis\/"},"modified":"2024-12-05T14:15:15","modified_gmt":"2024-12-05T11:15:15","slug":"tesla-robotu-calisana-saldirmis","status":"publish","type":"post","link":"https:\/\/kreablog.com\/tr\/tesla-robotu-calisana-saldirmis\/","title":{"rendered":"Tesla Robotu \u00c7al\u0131\u015fana Sald\u0131rm\u0131\u015f"},"content":{"rendered":"\t\t<div data-elementor-type=\"wp-post\" data-elementor-id=\"1108\" class=\"elementor elementor-1108 elementor-120\">\n\t\t\t\t<div class=\"elementor-element elementor-element-c7980dd e-flex e-con-boxed e-con e-parent\" data-id=\"c7980dd\" data-element_type=\"container\" data-e-type=\"container\">\n\t\t\t\t\t<div class=\"e-con-inner\">\n\t\t\t\t<div class=\"elementor-element elementor-element-b19a894 elementor-widget elementor-widget-text-editor\" data-id=\"b19a894\" data-element_type=\"widget\" data-e-type=\"widget\" data-widget_type=\"text-editor.default\">\n\t\t\t\t<div class=\"elementor-widget-container\">\n\t\t\t\t\t\t\t\t\t<p>Robotlar hayat\u0131m\u0131za girdik\u00e7e endi\u015fe verici olaylar da g\u00fcndeme gelmeye devam ediyor. Son ya\u015fanan bir olayda, Tesla fabrikas\u0131ndaki bir m\u00fchendis, bir robot taraf\u0131ndan sald\u0131r\u0131ya u\u011frad\u0131. Bu olay, \u00e7al\u0131\u015fma g\u00fcvenli\u011fi konusundaki ge\u00e7mi\u015fiyle bilinen Tesla&#8217;n\u0131n bir kez daha dikkat \u00e7ekmesine neden oldu.<\/p><p>Bu olay Tesla&#8217;n\u0131n Texas, Austin yak\u0131nlar\u0131ndaki Giga fabrikas\u0131nda meydana geldi. Bir m\u00fchendis ar\u0131za giderme s\u0131ras\u0131nda bir robotun sald\u0131r\u0131s\u0131na maruz kald\u0131. Robotun g\u00f6revi, yeni d\u00f6k\u00fclm\u00fc\u015f al\u00fcminyum otomobil par\u00e7alar\u0131n\u0131 tutup ta\u015f\u0131makt\u0131. Ancak, m\u00fchendis olay an\u0131nda yak\u0131n\u0131nda bulunan ve kapat\u0131lm\u0131\u015f olan di\u011fer iki Tesla robotunun yaz\u0131l\u0131m\u0131n\u0131 programl\u0131yordu. Olaya 2 \u00e7al\u0131\u015fan tan\u0131k oldu. \u00c7al\u0131\u015fanlar robotun sald\u0131r\u0131s\u0131 sonucunda m\u00fchendisin &#8220;elinde a\u00e7\u0131k bir yara b\u0131rakacak \u015fekilde&#8221; yaraland\u0131\u011f\u0131n\u0131 g\u00f6zlemledi.<\/p><p>Bu t\u00fcr olaylar, otomasyon ve robot teknolojilerinin end\u00fcstriyel ortamlarda kullan\u0131lmas\u0131n\u0131n beraberinde getirdi\u011fi riskleri g\u00f6steriyor. Tesla&#8217;n\u0131n \u00e7al\u0131\u015fma g\u00fcvenli\u011fi konusundaki ge\u00e7mi\u015fi, bu olay\u0131n daha geni\u015f \u00e7er\u00e7evede de\u011ferlendirilmesine neden oluyor. \u015eirketin bu t\u00fcr durumlar\u0131 \u00f6nlemek ve \u00e7al\u0131\u015fanlar\u0131n\u0131 korumak i\u00e7in alaca\u011f\u0131 \u00f6nlemler merakla bekleniyor.<\/p>\t\t\t\t\t\t\t\t<\/div>\n\t\t\t\t<\/div>\n\t\t\t\t\t<\/div>\n\t\t\t\t<\/div>\n\t\t<div class=\"elementor-element elementor-element-b2bb63a e-flex e-con-boxed e-con e-parent\" data-id=\"b2bb63a\" data-element_type=\"container\" data-e-type=\"container\">\n\t\t\t\t\t<div class=\"e-con-inner\">\n\t\t\t\t<div class=\"elementor-element elementor-element-2edc56f elementor-widget elementor-widget-text-editor\" data-id=\"2edc56f\" data-element_type=\"widget\" data-e-type=\"widget\" data-widget_type=\"text-editor.default\">\n\t\t\t\t<div class=\"elementor-widget-container\">\n\t\t\t\t\t\t\t\t\t<h2><strong>Tesla ve Robot \u00c7al\u0131\u015fanlar\u0131<\/strong><\/h2><p>Bu olay, 2021 y\u0131l\u0131na ait bir kaza raporuyla bilinir oldu. Tavis b\u00f6lgesi ve federal d\u00fczenleyicilere sunularak g\u00fcn y\u00fcz\u00fcne \u00e7\u0131kt\u0131. 2021 veya 2022 y\u0131l\u0131nda Tesla&#8217;n\u0131n Texas fabrikas\u0131nda ba\u015fka bir otonom robot kazas\u0131 olmad\u0131. Ancak kaza ya\u015fanmam\u0131\u015f olmas\u0131na ra\u011fmen al\u0131nan bir karar dikkat \u00e7ekici. \u00dcstelik i\u015f yerlerinde otonom robotlar\u0131n kullan\u0131lmas\u0131yla ilgili endi\u015felerin artt\u0131\u011f\u0131 bir d\u00f6neme denk geliyor.<\/p><p>Amazon&#8217;un sevkiyat merkezlerindeki robot \u00e7al\u0131\u015fanlar, katil droid cerrahlar, s\u00fcr\u00fcc\u00fcs\u00fcz otomobiller ve hatta robotik satran\u00e7 e\u011fitmenleri taraf\u0131ndan uygulanan \u015fiddet nedeniyle artan yaralanma raporlar\u0131, baz\u0131 insanlar\u0131n yeni teknolojilerin h\u0131zl\u0131 entegrasyonunu sorgulamas\u0131na neden oluyor. Tesla&#8217;n\u0131n Texas&#8217;taki kazan\u00e7l\u0131 vergi indirimlerini s\u00fcrd\u00fcrmek amac\u0131yla sunmas\u0131 gereken yaralanma raporunda, m\u00fchendisin i\u015ften izin almas\u0131na gerek olmad\u0131\u011f\u0131 iddia ediliyordu.<\/p><h3><strong>Tesla<\/strong><\/h3><p>Ancak, Tesla&#8217;n\u0131n Giga Texas fabrikas\u0131ndaki s\u00f6zle\u015fmeli \u00e7al\u0131\u015fanlar\u0131 temsil eden bir avukat, DailyMail.com ile yapt\u0131\u011f\u0131 bir g\u00f6r\u00fc\u015fmede, fabrikada meydana gelen yaralanmalar\u0131n say\u0131s\u0131n\u0131n eksik raporland\u0131\u011f\u0131na inand\u0131\u011f\u0131n\u0131 s\u00f6yledi.<\/p>\t\t\t\t\t\t\t\t<\/div>\n\t\t\t\t<\/div>\n\t\t\t\t\t<\/div>\n\t\t\t\t<\/div>\n\t\t<div class=\"elementor-element elementor-element-5bbb463 e-flex e-con-boxed e-con e-parent\" data-id=\"5bbb463\" data-element_type=\"container\" data-e-type=\"container\">\n\t\t\t\t\t<div class=\"e-con-inner\">\n\t\t<div class=\"elementor-element elementor-element-5c207ae e-con-full e-flex e-con e-child\" data-id=\"5c207ae\" data-element_type=\"container\" data-e-type=\"container\">\n\t\t\t\t<div class=\"elementor-element elementor-element-656f735 elementor-widget elementor-widget-text-editor\" data-id=\"656f735\" data-element_type=\"widget\" data-e-type=\"widget\" data-widget_type=\"text-editor.default\">\n\t\t\t\t<div class=\"elementor-widget-container\">\n\t\t\t\t\t\t\t\t\t<p>Hatta, hayat\u0131n\u0131 kaybeden bir \u00e7al\u0131\u015fan\u0131n yaralar\u0131 ve \u00f6l\u00fcm\u00fc zorunlu raporlarda yer almam\u0131\u015ft\u0131r. Di\u011fer haber kaynaklar\u0131 da Tesla&#8217;n\u0131n \u00e7al\u0131\u015fanlara gerekli e\u011fitim materyallerini yeterli zaman olmadan PDF dosyalar\u0131 halinde g\u00f6nderdi\u011fini ve e\u011fitimlerin makul bir \u015fekilde verilmedi\u011fini bildirmektedir. Bu durumlar, Tesla&#8217;n\u0131n i\u015f g\u00fcvenli\u011fi ve e\u011fitim konular\u0131nda daha etkin bir yakla\u015f\u0131m benimsemesi gereklili\u011fini ortaya koymaktad\u0131r.<\/p>\n\t\t\t\t\t\t\t\t<\/div>\n\t\t\t\t<\/div>\n\t\t\t\t<\/div>\n\t\t<div class=\"elementor-element elementor-element-42877c9 e-con-full e-flex e-con e-child\" data-id=\"42877c9\" data-element_type=\"container\" data-e-type=\"container\">\n\t\t\t\t<div class=\"elementor-element elementor-element-b662389 elementor-widget elementor-widget-image\" data-id=\"b662389\" data-element_type=\"widget\" data-e-type=\"widget\" data-widget_type=\"image.default\">\n\t\t\t\t<div class=\"elementor-widget-container\">\n\t\t\t\t\t\t\t\t\t\t\t\t\t\t\t<img fetchpriority=\"high\" decoding=\"async\" width=\"1024\" height=\"560\" src=\"https:\/\/kreablog.com\/wp-content\/uploads\/2023\/12\/Tesla-Robot-Attacked-Employee-01-1024x560.jpg\" class=\"attachment-large size-large wp-image-754\" alt=\"\" srcset=\"https:\/\/kreablog.com\/wp-content\/uploads\/2023\/12\/Tesla-Robot-Attacked-Employee-01-1024x560.jpg 1024w, https:\/\/kreablog.com\/wp-content\/uploads\/2023\/12\/Tesla-Robot-Attacked-Employee-01-300x164.jpg 300w, https:\/\/kreablog.com\/wp-content\/uploads\/2023\/12\/Tesla-Robot-Attacked-Employee-01-768x420.jpg 768w, https:\/\/kreablog.com\/wp-content\/uploads\/2023\/12\/Tesla-Robot-Attacked-Employee-01-750x410.jpg 750w, https:\/\/kreablog.com\/wp-content\/uploads\/2023\/12\/Tesla-Robot-Attacked-Employee-01-1140x623.jpg 1140w, https:\/\/kreablog.com\/wp-content\/uploads\/2023\/12\/Tesla-Robot-Attacked-Employee-01.jpg 1280w\" sizes=\"(max-width: 1024px) 100vw, 1024px\" \/>\t\t\t\t\t\t\t\t\t\t\t\t\t\t\t<\/div>\n\t\t\t\t<\/div>\n\t\t\t\t<\/div>\n\t\t\t\t\t<\/div>\n\t\t\t\t<\/div>\n\t\t<div class=\"elementor-element elementor-element-5077360 e-flex e-con-boxed e-con e-parent\" data-id=\"5077360\" data-element_type=\"container\" data-e-type=\"container\">\n\t\t\t\t\t<div class=\"e-con-inner\">\n\t\t\t\t<div class=\"elementor-element elementor-element-c08ef4d elementor-widget elementor-widget-text-editor\" data-id=\"c08ef4d\" data-element_type=\"widget\" data-e-type=\"widget\" data-widget_type=\"text-editor.default\">\n\t\t\t\t<div class=\"elementor-widget-container\">\n\t\t\t\t\t\t\t\t\t<h3 class=\"MsoNormal\"><b>Robotlar Ayaklan\u0131yor Mu?<\/b><\/h3><p class=\"MsoNormal\">En son ya\u015fanan kazadaki iki tan\u0131\u011f\u0131n The Information ile payla\u015ft\u0131\u011f\u0131 bilgilere \u015f\u00f6yle. Tesla&#8217;n\u0131n bildirdi\u011fi olay\u0131n aksine, olay\u0131n ciddiyeti daha fazlaym\u0131\u015f gibi g\u00f6r\u00fcn\u00fcyor. Raporlara g\u00f6re, m\u00fchendisin sol elinde derin bir kesik ve a\u00e7\u0131k bir yara olu\u015ftu\u011fu, ancak i\u015ften uzakla\u015fmak i\u00e7in &#8220;s\u0131f\u0131r g\u00fcn&#8221; izni almas\u0131 gerekti\u011fi ifade ediliyor. G\u00f6rg\u00fc tan\u0131klar\u0131, olay\u0131n Tesla&#8217;n\u0131n Texas fabrikas\u0131ndaki \u015fasilerin birle\u015ftirildi\u011fi yerde meydana geldi\u011fini ve m\u00fchendisin robotun pen\u00e7elerinden ancak bir ba\u015fka \u00e7al\u0131\u015fan\u0131n acil durum durdurma d\u00fc\u011fmesine basmas\u0131yla kurtulabildi\u011fini belirtiyor.<\/p><p class=\"MsoNormal\">The Information&#8217;\u0131n raporu \u015f\u00f6yle. M\u00fchendis, serbest kald\u0131ktan sonra hurda al\u00fcminyum toplamak istemi\u015f. Bunun i\u00e7in tasarlanm\u0131\u015f bir oluktan birka\u00e7 metre a\u015fa\u011f\u0131 d\u00fc\u015ferek kanl\u0131 bir iz b\u0131rakm\u0131\u015f. Bu durum, Tesla&#8217;n\u0131n i\u015f g\u00fcvenli\u011fi protokollerindeki zay\u0131fl\u0131klar\u0131 ve kazalara nas\u0131l m\u00fcdahale edildi\u011fi konusundaki eksiklikleri g\u00f6zler \u00f6n\u00fcne seriyor.<\/p><p class=\"MsoNormal\">The Information&#8217;\u0131n vurgulad\u0131\u011f\u0131 gibi, Tesla&#8217;n\u0131n kendi bildirdi\u011fi yaralanma rakamlar\u0131na bakal\u0131m. 2022 y\u0131l\u0131nda neredeyse her 21 \u00e7al\u0131\u015fandan birinin bir kaza ge\u00e7irdi\u011fi g\u00f6r\u00fcl\u00fcyor. Bu, ABD end\u00fcstri standard\u0131 olan 30&#8217;a k\u0131yasla olduk\u00e7a y\u00fcksek bir oran.\u00a0 Ayr\u0131ca \u015firketin \u00e7al\u0131\u015fma g\u00fcvenli\u011fi \u00f6nlemlerinde iyile\u015ftirmeler yapma ihtiyac\u0131n\u0131 ortaya koyuyor. Bu olay, Tesla&#8217;n\u0131n g\u00fcvenlik standartlar\u0131n\u0131 g\u00f6zden ge\u00e7irmesi gerekti\u011fini g\u00f6steriyor. \u00dcstelik \u00e7al\u0131\u015fanlar\u0131n\u0131 daha etkili bir \u015fekilde koruyacak tedbirleri almas\u0131 zorunlulu\u011funu kan\u0131tl\u0131yor.<\/p>\t\t\t\t\t\t\t\t<\/div>\n\t\t\t\t<\/div>\n\t\t\t\t\t<\/div>\n\t\t\t\t<\/div>\n\t\t\t\t<\/div>\n\t\t","protected":false},"excerpt":{"rendered":"<p>Robotlar hayat\u0131m\u0131za girdik\u00e7e endi\u015fe verici olaylar da g\u00fcndeme gelmeye devam ediyor. Son ya\u015fanan bir olayda, Tesla fabrikas\u0131ndaki bir m\u00fchendis, bir robot taraf\u0131ndan sald\u0131r\u0131ya u\u011frad\u0131. Bu olay, \u00e7al\u0131\u015fma g\u00fcvenli\u011fi konusundaki ge\u00e7mi\u015fiyle bilinen Tesla&#8217;n\u0131n bir kez daha dikkat \u00e7ekmesine neden oldu. Bu olay Tesla&#8217;n\u0131n Texas, Austin yak\u0131nlar\u0131ndaki Giga fabrikas\u0131nda meydana geldi. Bir m\u00fchendis ar\u0131za giderme s\u0131ras\u0131nda bir [&hellip;]<\/p>\n","protected":false},"author":1,"featured_media":754,"comment_status":"closed","ping_status":"closed","sticky":false,"template":"","format":"standard","meta":{"_aioseo_title":"","_aioseo_description":"","_aioseo_keyphrases":"","_video_image1":"","_video_image2":"","jnews-multi-image_gallery":[],"jnews_single_post":{"format":"standard"},"jnews_primary_category":[],"jnews_override_counter":[],"footnotes":""},"categories":[110],"tags":[],"class_list":["post-1108","post","type-post","status-publish","format-standard","has-post-thumbnail","hentry","category-teknoloji"],"aioseo_notices":[],"_links":{"self":[{"href":"https:\/\/kreablog.com\/tr\/wp-json\/wp\/v2\/posts\/1108","targetHints":{"allow":["GET"]}}],"collection":[{"href":"https:\/\/kreablog.com\/tr\/wp-json\/wp\/v2\/posts"}],"about":[{"href":"https:\/\/kreablog.com\/tr\/wp-json\/wp\/v2\/types\/post"}],"author":[{"embeddable":true,"href":"https:\/\/kreablog.com\/tr\/wp-json\/wp\/v2\/users\/1"}],"replies":[{"embeddable":true,"href":"https:\/\/kreablog.com\/tr\/wp-json\/wp\/v2\/comments?post=1108"}],"version-history":[{"count":17,"href":"https:\/\/kreablog.com\/tr\/wp-json\/wp\/v2\/posts\/1108\/revisions"}],"predecessor-version":[{"id":8920,"href":"https:\/\/kreablog.com\/tr\/wp-json\/wp\/v2\/posts\/1108\/revisions\/8920"}],"wp:featuredmedia":[{"embeddable":true,"href":"https:\/\/kreablog.com\/tr\/wp-json\/wp\/v2\/media\/754"}],"wp:attachment":[{"href":"https:\/\/kreablog.com\/tr\/wp-json\/wp\/v2\/media?parent=1108"}],"wp:term":[{"taxonomy":"category","embeddable":true,"href":"https:\/\/kreablog.com\/tr\/wp-json\/wp\/v2\/categories?post=1108"},{"taxonomy":"post_tag","embeddable":true,"href":"https:\/\/kreablog.com\/tr\/wp-json\/wp\/v2\/tags?post=1108"}],"curies":[{"name":"wp","href":"https:\/\/api.w.org\/{rel}","templated":true}]}}