{"id":11259,"date":"2026-04-20T06:01:53","date_gmt":"2026-04-20T03:01:53","guid":{"rendered":"https:\/\/kreablog.com\/ekran-icin-tasarlanan-ilk-yazi-tipi\/"},"modified":"2026-04-28T19:50:27","modified_gmt":"2026-04-28T16:50:27","slug":"ekran-icin-tasarlanan-ilk-yazi-tipi","status":"publish","type":"post","link":"https:\/\/kreablog.com\/tr\/ekran-icin-tasarlanan-ilk-yazi-tipi\/","title":{"rendered":"Ekran i\u00e7in Tasarlanan \u0130lk Yaz\u0131 Tipi"},"content":{"rendered":"<p>\u00c7o\u011fu insan ekran yaz\u0131 tiplerinin nereden geldi\u011fini hi\u00e7 d\u00fc\u015f\u00fcnmez. Ancak dijital ekranlar i\u00e7in tasarlanan ilk ekran yaz\u0131 tipi, haberleri okuma bi\u00e7imimizden \u00e7evrimi\u00e7i al\u0131\u015fveri\u015f yapma \u015feklimize kadar her \u015feyi de\u011fi\u015ftirdi. Bu, sessiz bir devrimdi. Kimse bunu kutlamak i\u00e7in bir parti vermedi. Ancak bu olaydan sonra tasar\u0131m d\u00fcnyas\u0131 bir daha eskisi gibi olmad\u0131.    <\/p>\n<h2>Her \u015eeyin Ba\u015flang\u0131c\u0131 Olan Ekran Yaz\u0131 Tipi<\/h2>\n<p>Ekran yaz\u0131 tipleri ortaya \u00e7\u0131kmadan \u00f6nce, tasar\u0131mc\u0131lar bas\u0131l\u0131 yaz\u0131 tiplerini oldu\u011fu gibi kullan\u0131rlard\u0131. Bunlar\u0131 monit\u00f6rlere aktar\u0131p en iyisini umarlard\u0131. Sonu\u00e7lar bulan\u0131k, p\u00fcr\u00fczl\u00fc ve a\u00e7\u0131k\u00e7as\u0131 okumas\u0131 olduk\u00e7a zordu. \u0130lk bilgisayar ekranlar\u0131n\u0131n \u00e7\u00f6z\u00fcn\u00fcrl\u00fc\u011f\u00fc \u00e7ok d\u00fc\u015f\u00fckt\u00fc. Bas\u0131l\u0131 yaz\u0131 tipleri, ka\u011f\u0131t \u00fczerinde net bir m\u00fcrekkep g\u00f6r\u00fcnt\u00fcs\u00fc i\u00e7in tasarlanm\u0131\u015ft\u0131; par\u0131ldayan piksel \u0131zgaralar\u0131 i\u00e7in de\u011fil.    <\/p>\n<p>1984 y\u0131l\u0131nda Susan Kare bunu de\u011fi\u015ftirdi. O zamanlar Apple\u2019da \u00e7al\u0131\u015fan gen\u00e7 bir tasar\u0131mc\u0131yd\u0131. Steve Jobs, ilk Macintosh\u2019a bir ki\u015filik kazand\u0131rmas\u0131 i\u00e7in onu i\u015fe alm\u0131\u015ft\u0131. Jobs, bilgisayar\u0131n s\u0131cak ve insani bir hava ta\u015f\u0131mas\u0131n\u0131 istiyordu. Kare\u2019nin g\u00f6revi simgeleri tasarlamakt\u0131; ancak sonunda \u00e7ok daha kal\u0131c\u0131 bir \u015fey tasarlam\u0131\u015f oldu.    <\/p>\n<h3>Kare Ka\u011f\u0131da Harf \u00c7izmek<\/h3>\n<p>Kare, yaz\u0131 tiplerini grafik ka\u011f\u0131d\u0131na elle \u00e7izdi. Her bir kare bir pikseli temsil ediyordu. Ekran\u0131 minik bir mozaik gibi ele ald\u0131. Her harf, son derece k\u00fc\u00e7\u00fck boyutlarda bile net g\u00f6r\u00fcnmeliydi. Bu, yaz\u0131 tipi tasar\u0131m\u0131 konusunda tamamen yeni bir yakla\u015f\u0131md\u0131. Daha \u00f6nce hi\u00e7 kimse bu kadar titiz bir \u015fekilde \u00e7al\u0131\u015fmam\u0131\u015ft\u0131.     <\/p>\n<p>Chicago, Geneva ve Monaco yaz\u0131 tiplerini tasarlad\u0131 \u2014 hepsi de \u00f6zg\u00fcn ekran yaz\u0131 tipleriydi. Chicago, Macintosh men\u00fc \u00e7ubu\u011funun simgesi haline geldi. Neredeyse yirmi y\u0131l boyunca orada kald\u0131. Bu, herhangi bir yaz\u0131 tipi i\u00e7in ola\u011fan\u00fcst\u00fc bir ba\u015far\u0131d\u0131r. \u00c7o\u011fu yaz\u0131 tipi sessizce ortadan kaybolur. Chicago ise bir simge haline geldi.     <\/p>\n<h3>Piksel Izgaralar\u0131 Tipografiyi Neden De\u011fi\u015ftirdi?<\/h3>\n<p>Kare&#8217;nin yakla\u015f\u0131m\u0131 yepyeni bir k\u0131s\u0131tlama getirdi. Her e\u011fri, d\u00fcz piksel kenarlar\u0131 kullan\u0131larak taklit edilmeliydi. \u00c7apraz \u00e7izgiler merdiven gibi g\u00f6r\u00fcn\u00fcyordu. Tasar\u0131mc\u0131lar, insan g\u00f6z\u00fcn\u00fc kand\u0131rarak \u015fekilleri p\u00fcr\u00fczs\u00fcz g\u00f6stermeyi ba\u015farmal\u0131yd\u0131. Bu sadece tasar\u0131m de\u011fildi, g\u00f6rsel psikolojiydi. Bu yakla\u015f\u0131m, tipografiyi yepyeni bir alana ta\u015f\u0131d\u0131. Birdenbire, k\u00fc\u00e7\u00fck boyutlarda okunabilirlik ba\u015fl\u0131 ba\u015f\u0131na bir sanat formu haline geldi.      <\/p>\n<figure class=\"wp-block-image size-large\"><img decoding=\"async\" src=\"https:\/\/v3b.fal.media\/files\/b\/0a96f582\/-PSF8MIZRPlaVzH8lNPaL_2a0e459d9ba54a4b9abf902ec947eb5f.jpg\" alt=\"Ekran i\u00e7in Tasarlanan \u0130lk Yaz\u0131 Tipi\"><\/figure>\n<h2>Ekran Yaz\u0131 Tipi Tasar\u0131m\u0131n\u0131 Bu Kadar Farkl\u0131 K\u0131lan Nedir?<\/h2>\n<p>Ekran yaz\u0131 tipi tasarlamak, bask\u0131 i\u00e7in tasar\u0131m yapmaktan tamamen farkl\u0131yd\u0131. Bask\u0131 tasar\u0131mc\u0131lar\u0131 e\u011friler, m\u00fcrekkep yay\u0131l\u0131m\u0131 ve ka\u011f\u0131t dokusuna g\u00fcvenebiliyordu. Ekran tasar\u0131mc\u0131lar\u0131n\u0131n ise elinde kat\u0131 bir piksel \u0131zgaras\u0131 vard\u0131, ba\u015fka hi\u00e7bir \u015fey yoktu. \u0130nceliklere yer yoktu. Bir piksel ya a\u00e7\u0131kt\u0131 ya da kapal\u0131yd\u0131. Bu ac\u0131mas\u0131z sadelik, yepyeni bir yarat\u0131c\u0131l\u0131k t\u00fcr\u00fcn\u00fc zorunlu k\u0131ld\u0131.     <\/p>\n<p><a title=\"kreablog\" href=\"https:\/\/kreablog.com\/tr\">KREAblog&#8217;da <\/a>bu t\u00fcr hikayeleri \u00e7ok seviyoruz. En iyi tasar\u0131m at\u0131l\u0131mlar\u0131 genellikle imkans\u0131z gibi g\u00f6r\u00fcnen k\u0131s\u0131tlamalardan do\u011far. Kare&#8217;nin elinde \u00e7ok az piksel vard\u0131. Bu y\u00fczden her bir pikseli \u00f6nemli hale getirdi. Bu titiz \u00e7al\u0131\u015fma, lo\u015f ve kontrast\u0131 d\u00fc\u015f\u00fck ekranlarda bile canl\u0131 g\u00f6r\u00fcnen yaz\u0131 tiplerinin ortaya \u00e7\u0131kmas\u0131n\u0131 sa\u011flad\u0131.    <\/p>\n<h3>Kimsenin Bahsetmedi\u011fi Bitmap D\u00f6nemi<\/h3>\n<p>Kare&#8217;nin yaz\u0131 tipleri bitmap yaz\u0131 tipleriydi. Yani sabit boyutlarda piksel piksel olu\u015fturulmu\u015flard\u0131. B\u00fcy\u00fct\u00fcl\u00fcrlerse, p\u00fct\u00fcrl\u00fc bloklara d\u00f6n\u00fc\u015f\u00fcyorlard\u0131. Esneklik yoktu. Ancak \u00f6ng\u00f6r\u00fclen boyutlar\u0131nda son derece netti. Asl\u0131nda bu bir avantajd\u0131. Bilgisayar\u0131n ilk d\u00f6nemlerinde tutarl\u0131l\u0131k, esneklikten daha \u00f6nemliydi.      <\/p>\n<p>Daha sonra \u00f6l\u00e7eklenebilir vekt\u00f6r yaz\u0131 tipleri ortaya \u00e7\u0131kt\u0131 ve bitmap yaz\u0131 tipleri tarih oldu. Ancak geride \u00f6nemli bir \u015fey b\u0131rakt\u0131lar. Ekranlar\u0131n kendine \u00f6zg\u00fc bir g\u00f6rsel dile ihtiya\u00e7 duydu\u011funu kan\u0131tlad\u0131lar. Bask\u0131y\u0131 oldu\u011fu gibi kopyalamak m\u00fcmk\u00fcn de\u011fildi. Ekran farkl\u0131 bir ortamd\u0131. Kendi mant\u0131\u011f\u0131ndan do\u011fan yaz\u0131 tiplerine ihtiya\u00e7 duyuyordu.     <\/p>\n<h3>Yaz\u0131 Tiplerinin Ard\u0131ndaki \u015ea\u015f\u0131rt\u0131c\u0131 \u0130simler<\/h3>\n<p>\u0130\u015fte \u00e7o\u011fu ki\u015finin bilmedi\u011fi bir \u015fey. Susan Kare, yaz\u0131 tiplerine \u015fehirlerin adlar\u0131n\u0131 vermi\u015fti. Chicago. Cenevre. Monako. Kahire. Atina. Apple ofisinin yak\u0131n\u0131ndaki \u015fehir haritalar\u0131ndan ilham alm\u0131\u015ft\u0131. Bu isimler kal\u0131c\u0131 oldu. Daha sonra Apple, New York ve San Francisco gibi yaz\u0131 tipleriyle bu gelene\u011fi s\u00fcrd\u00fcrd\u00fc. Bu isimlendirme sistemi, do\u011frudan Kare\u2019nin ilk i\u00e7g\u00fcd\u00fcs\u00fcne dayan\u0131yor. Bir tasar\u0131mc\u0131n\u0131n k\u00fc\u00e7\u00fck bir al\u0131\u015fkanl\u0131\u011f\u0131, kal\u0131c\u0131 bir marka karar\u0131 haline geldi.           <\/p>\n<h2>Bu \u0130lk Ad\u0131m Neden Bug\u00fcn H\u00e2l\u00e2 \u00d6nemli?<\/h2>\n<p>\u015eu anda telefonunuzda okudu\u011funuz her yaz\u0131 tipi, o 1984 y\u0131l\u0131na ait an\u0131n izlerini ta\u015f\u0131yor. San Francisco, Roboto ve Segoe UI gibi modern ekran yaz\u0131 tiplerinin hepsi, Kare\u2019nin \u00e7\u00f6zd\u00fc\u011f\u00fc ayn\u0131 temel sorunla bo\u011fu\u015fuyor. Parlayan bir ekranda harfleri nas\u0131l net ve okunakl\u0131 hale getirebilirsiniz? Art\u0131k elimizdeki ara\u00e7lar \u00e7ok daha geli\u015fmi\u015f. Ama soru h\u00e2l\u00e2 ayn\u0131.    <\/p>\n<p>Y\u00fcksek \u00e7\u00f6z\u00fcn\u00fcrl\u00fckl\u00fc ekranlar kurallar\u0131 \u00f6nemli \u00f6l\u00e7\u00fcde de\u011fi\u015ftirdi. Retina ekranlar o kadar \u00e7ok piksel bar\u0131nd\u0131r\u0131yor ki, eski bitmap sorunu b\u00fcy\u00fck \u00f6l\u00e7\u00fcde ortadan kalkt\u0131. Ancak Kare\u2019nin ortaya koydu\u011fu felsefe hi\u00e7 kaybolmad\u0131. Ortama uygun tasar\u0131m yap\u0131n. Bask\u0131dan \u00f6d\u00fcn\u00e7 almay\u0131n. Ekrana \u00f6zg\u00fc bir \u015fey yarat\u0131n. Bu fikir, g\u00fcn\u00fcm\u00fczde \u00e7al\u0131\u015fan en iyi tipograflar\u0131 h\u00e2l\u00e2 y\u00f6nlendiriyor.      <\/p>\n<h3>Kimsenin hak etti\u011fi de\u011feri vermedi\u011fi miras<\/h3>\n<p>Susan Kare, \u00fcnl\u00fc grafik tasar\u0131mc\u0131lar\u0131n aras\u0131nda pek nadiren an\u0131l\u0131r. Bu ger\u00e7ekten \u00e7ok yaz\u0131k. O, ger\u00e7ekten yepyeni bir \u015fey ba\u015fard\u0131. Hen\u00fcz bir tasar\u0131m diline sahip olmayan bir ortam i\u00e7in bir tasar\u0131m dili yaratt\u0131. Bu, inan\u0131lmaz derecede nadir g\u00f6r\u00fclen bir ba\u015far\u0131d\u0131r. \u00c7o\u011fu tasar\u0131mc\u0131, halihaz\u0131rda var olan\u0131 geli\u015ftirir. Kare ise her \u015feyi s\u0131f\u0131rdan icat etmek zorunda kald\u0131. Eserleri milyarlarca cihazda yer al\u0131yor, ancak ad\u0131n\u0131 neredeyse kimse bilmiyor.       <\/p>\n<p>Bir dahaki sefere telefonunuzdaki yaz\u0131 tipi net ve temiz g\u00f6r\u00fcnd\u00fc\u011f\u00fcnde, bu hikayeyi hat\u0131rlay\u0131n. Her \u015fey gen\u00e7 bir tasar\u0131mc\u0131, bir sayfa kareli ka\u011f\u0131t ve minik karelerden olu\u015fan s\u0131k\u0131 bir \u0131zgarayla ba\u015flad\u0131. D\u00fcnyadaki her ilk, dramatik bir duyuru e\u015fli\u011finde ger\u00e7ekle\u015fmez. Baz\u0131lar\u0131 ise bir sabah sessizce ekrana \u00e7\u0131kar ve her \u015feyi de\u011fi\u015ftirir.   <\/p>\n<p><em>Bu makale yaln\u0131zca bilgilendirme ama\u00e7l\u0131d\u0131r.<\/em><\/p>\n","protected":false},"excerpt":{"rendered":"<p>Ekranlar i\u00e7in \u00f6zel olarak tasarlanm\u0131\u015f d\u00fcnyan\u0131n ilk yaz\u0131 tipini ke\u015ffedin \u2014 tasar\u0131m severlerin \u00e7o\u011funun daha \u00f6nce hi\u00e7 duymad\u0131\u011f\u0131, piksel m\u00fckemmelli\u011finde bir hikaye.<\/p>\n","protected":false},"author":5,"featured_media":11258,"comment_status":"closed","ping_status":"closed","sticky":false,"template":"","format":"standard","meta":{"_aioseo_title":"Ekran i\u00e7in Tasarlanan \u0130lk Yaz\u0131 Tipi","_aioseo_description":"Ekranlar i\u00e7in \u00f6zel olarak tasarlanm\u0131\u015f d\u00fcnyan\u0131n ilk yaz\u0131 tipini ke\u015ffedin \u2014 tasar\u0131m severlerin \u00e7o\u011funun daha \u00f6nce hi\u00e7 duymad\u0131\u011f\u0131, piksel m\u00fckemmelli\u011finde bir hikaye.","_aioseo_keyphrases":"","_video_image1":"","_video_image2":"","jnews-multi-image_gallery":[],"jnews_single_post":[],"jnews_primary_category":[],"jnews_override_counter":[],"footnotes":""},"categories":[957],"tags":[],"class_list":["post-11259","post","type-post","status-publish","format-standard","has-post-thumbnail","hentry","category-dunyada-ilkler"],"aioseo_notices":[],"_links":{"self":[{"href":"https:\/\/kreablog.com\/tr\/wp-json\/wp\/v2\/posts\/11259","targetHints":{"allow":["GET"]}}],"collection":[{"href":"https:\/\/kreablog.com\/tr\/wp-json\/wp\/v2\/posts"}],"about":[{"href":"https:\/\/kreablog.com\/tr\/wp-json\/wp\/v2\/types\/post"}],"author":[{"embeddable":true,"href":"https:\/\/kreablog.com\/tr\/wp-json\/wp\/v2\/users\/5"}],"replies":[{"embeddable":true,"href":"https:\/\/kreablog.com\/tr\/wp-json\/wp\/v2\/comments?post=11259"}],"version-history":[{"count":1,"href":"https:\/\/kreablog.com\/tr\/wp-json\/wp\/v2\/posts\/11259\/revisions"}],"predecessor-version":[{"id":11260,"href":"https:\/\/kreablog.com\/tr\/wp-json\/wp\/v2\/posts\/11259\/revisions\/11260"}],"wp:featuredmedia":[{"embeddable":true,"href":"https:\/\/kreablog.com\/tr\/wp-json\/wp\/v2\/media\/11258"}],"wp:attachment":[{"href":"https:\/\/kreablog.com\/tr\/wp-json\/wp\/v2\/media?parent=11259"}],"wp:term":[{"taxonomy":"category","embeddable":true,"href":"https:\/\/kreablog.com\/tr\/wp-json\/wp\/v2\/categories?post=11259"},{"taxonomy":"post_tag","embeddable":true,"href":"https:\/\/kreablog.com\/tr\/wp-json\/wp\/v2\/tags?post=11259"}],"curies":[{"name":"wp","href":"https:\/\/api.w.org\/{rel}","templated":true}]}}