{"id":11279,"date":"2026-04-24T06:02:37","date_gmt":"2026-04-24T03:02:37","guid":{"rendered":"https:\/\/kreablog.com\/cocuklara-yonelik-sosyal-medya-yasaklari-hizla-yayginlasiyor\/"},"modified":"2026-04-24T06:02:37","modified_gmt":"2026-04-24T03:02:37","slug":"cocuklara-yonelik-sosyal-medya-yasaklari-hizla-yayginlasiyor","status":"publish","type":"post","link":"https:\/\/kreablog.com\/tr\/cocuklara-yonelik-sosyal-medya-yasaklari-hizla-yayginlasiyor\/","title":{"rendered":"\u00c7ocuklara y\u00f6nelik sosyal medya yasaklar\u0131 h\u0131zla yayg\u0131nla\u015f\u0131yor"},"content":{"rendered":"<p>Gen\u00e7 kullan\u0131c\u0131lar i\u00e7in sosyal medya yasaklar\u0131 t\u00fcm d\u00fcnyay\u0131 kas\u0131p kavuruyor. H\u00fck\u00fcmetler harekete ge\u00e7mek i\u00e7in yar\u0131\u015f\u0131yor. Peki bu do\u011fru bir yakla\u015f\u0131m m\u0131? Tart\u0131\u015fmalar h\u0131zla alevleniyor.   <\/p>\n<p>\u00dclkelerin dijital \u00e7ocukluk d\u00f6nemine bak\u0131\u015f\u0131nda b\u00fcy\u00fck bir d\u00f6n\u00fc\u015f\u00fcm ya\u015fan\u0131yor. Y\u0131llar boyunca \u00e7ocuklar kurals\u0131z bir \u015fekilde \u00e7evrimi\u00e7i ortamda b\u00fcy\u00fcd\u00fc. \u015eimdi ise bu durum k\u00f6k\u00fcnden de\u011fi\u015fiyor. Ebeveynler endi\u015feli. Yasa koyucular harekete ge\u00e7iyor. Peki ya teknoloji \u015firketleri? Onlar da bu duruma uyum sa\u011flamak i\u00e7in \u00e7abal\u0131yor.      <\/p>\n<h2>Sosyal Medya Yasaklar\u0131 Neden Giderek Yayg\u0131nla\u015f\u0131yor?<\/h2>\n<p>2024 ve 2025 y\u0131llar\u0131nda bir \u015feyler ters gitmeye ba\u015flad\u0131. Ruh sa\u011fl\u0131\u011f\u0131 verileri giderek k\u00f6t\u00fcle\u015fti. Gen\u00e7ler aras\u0131nda kayg\u0131 oranlar\u0131 y\u00fckseldi. Gen\u00e7 k\u0131zlar aras\u0131nda depresyon vakalar\u0131 h\u0131zla artt\u0131. Ebeveynler bunun sorumlusu olarak cep telefonlar\u0131n\u0131 g\u00f6sterdi. Bilim insanlar\u0131 da onlara hak vermeye ba\u015flad\u0131.     <\/p>\n<p>\u0130\u015fte kimsenin bahsetmedi\u011fi \u015fey bu. Mesele sadece ba\u011f\u0131ml\u0131l\u0131k de\u011fil. Mesele beyin geli\u015fimi. Ergenlerin beyinleri hen\u00fcz tam olarak geli\u015fmemi\u015ftir. D\u00fcrt\u00fc kontrol\u00fcnden sorumlu b\u00f6l\u00fcmleri h\u00e2l\u00e2 olu\u015fum a\u015famas\u0131ndad\u0131r. \u0130\u015fte bu y\u00fczden ekran\u0131 kayd\u0131rmay\u0131 b\u0131rakmak imkans\u0131z gibi gelir.     <\/p>\n<p>Siyaset\u00e7iler nihayet bu ara\u015ft\u0131rmay\u0131 fark etti. Onlar da bunda bir f\u0131rsat g\u00f6rd\u00fc. \u00c7ocuklar\u0131 desteklemek se\u00e7imlerde oy getirir. Bu, iki partinin de ortak noktas\u0131d\u0131r. Herkes \u00e7ocuklar\u0131n \u00f6nemli oldu\u011fu konusunda hemfikirdir. B\u00f6ylece yasalar arka arkaya \u00e7\u0131kmaya ba\u015flad\u0131.     <\/p>\n<h3>Uluslar Aras\u0131ndaki Domino Etkisi<\/h3>\n<p>Bir \u00fclke ilk ad\u0131m\u0131 att\u0131. Di\u011ferleri ise durumu yak\u0131ndan izledi. K\u00f6t\u00fc bir \u015fey olmad\u0131\u011f\u0131nda, onlar da ayn\u0131 yolu izledi. Politikalar i\u015fte b\u00f6yle yay\u0131l\u0131r. Kimse ilk olmak istemez. Ama herkes ikinci olmak ister.     <\/p>\n<p>Avrupa \u00fclkeleri h\u0131zl\u0131 hareket etti. Fransa kurallar haz\u0131rlad\u0131. Almanya bunlar\u0131 tart\u0131\u015ft\u0131. Danimarka koalisyon deste\u011fi sa\u011flad\u0131. Her \u00fclke ya\u015f s\u0131n\u0131rlar\u0131n\u0131 ayarlad\u0131. Baz\u0131lar\u0131 14 dedi. Di\u011ferleri ise 15 ya da 16&#8217;y\u0131 se\u00e7ti. Ancak mesaj tutarl\u0131 kald\u0131.       <\/p>\n<p>Bu arada, teknoloji \u015firketleri bir kabusla kar\u015f\u0131 kar\u015f\u0131ya. Her \u00fclkede farkl\u0131 kurallar. Farkl\u0131 ya\u015f s\u0131n\u0131rlar\u0131. Farkl\u0131 uygulama y\u00f6ntemleri. Bu, maliyetli bir kaos. Ama bu art\u0131k onlar\u0131n sorunu.     <\/p>\n<h3>Bu Yasalara Gizlenen Ger\u00e7ek Endi\u015feler<\/h3>\n<p>Siber zorbal\u0131k man\u015fetlere ta\u015f\u0131n\u0131yor. Bu \u00e7ok korkun\u00e7. \u00c7ocuklar internette ac\u0131mas\u0131z davranabiliyor. Ancak as\u0131l sorun, belki de kar\u015f\u0131la\u015ft\u0131rma k\u00fclt\u00fcr\u00fc olabilir. Gen\u00e7 kullan\u0131c\u0131lar m\u00fckemmel hayatlar g\u00f6r\u00fcyor. Kendilerini yetersiz hissediyorlar. Bu durum her g\u00fcn binlerce kez ya\u015fan\u0131yor.      <\/p>\n<p>Her platformda tacizciler var. Bu \u00e7ok korkutucu. Ancak en b\u00fcy\u00fck zarar akranlardan geliyor. K\u00f6t\u00fc niyetli yorumlar. D\u0131\u015flanma. Ekran g\u00f6r\u00fcnt\u00fclerinin payla\u015f\u0131lmas\u0131. Bu dram hi\u00e7 bitmiyor. Eskiden okul saat 15.00\u2019te biterdi. Art\u0131k \u00e7ocuklar\u0131n evine kadar pe\u015flerini b\u0131rakm\u0131yor.        <\/p>\n<p>Uyku bozukluklar\u0131, kabul etti\u011fimizden \u00e7ok daha \u00f6nemli bir sorun. Gece yar\u0131s\u0131 yatak odalar\u0131nda telefonlar par\u0131ld\u0131yor. Geli\u015fmekte olan beyinlerin dinlenmeye ihtiyac\u0131 var. Ama bunu sa\u011flayam\u0131yorlar.   <\/p>\n<h2>Sosyal Medyada Gizlilik Paradoksu<\/h2>\n<p>\u0130\u015fte burada i\u015fler karma\u015f\u0131kla\u015f\u0131yor. \u00c7ocuklar\u0131n eri\u015fimini engellemek i\u00e7in kimin \u00e7ocuk oldu\u011funu bilmek gerekiyor. Bu da ya\u015f do\u011frulamas\u0131 anlam\u0131na geliyor. Ya\u015f do\u011frulamas\u0131 ise veri toplamak demek. Hem de \u00e7ok fazla veri.    <\/p>\n<p>Baz\u0131 \u00f6neriler kimlik belgelerinin y\u00fcklenmesini \u00f6ng\u00f6r\u00fcyor. Di\u011ferleri y\u00fcz taramas\u0131n\u0131 \u00f6neriyor. Birka\u00e7 tanesi ise biyometrik kontrollerden bahsediyor. Gizlilik savunucular\u0131 tepki g\u00f6steriyor. Hakl\u0131lar. Herkesi g\u00f6zetleyerek \u00e7ocuklar\u0131 korumak, mant\u0131\u011fa ayk\u0131r\u0131 g\u00f6r\u00fcn\u00fcyor.     <\/p>\n<figure class=\"wp-block-image size-large\"><img decoding=\"async\" src=\"https:\/\/v3b.fal.media\/files\/b\/0a977c87\/kiTAxlQG7uaF5zVlefELb_5801b473ded942f3b1517e6f51d5f326.jpg\" alt=\"\u00c7ocuklara y\u00f6nelik sosyal medya yasaklar\u0131 h\u0131zla yayg\u0131nla\u015f\u0131yor\"><\/figure>\n<p>\u015eu ironiye bir bak\u0131n. \u00c7ocuklar\u0131n \u00e7evrimi\u00e7i verileri konusunda endi\u015feleniyoruz. Bu y\u00fczden onlardan resmi kimlik belgelerini sunmalar\u0131n\u0131 istiyoruz. Hem de \u00f6zel \u015firketlere. Bu bilgileri bir yerlerde saklayacak olan \u015firketlere. Ne ters gidebilir ki?     <\/p>\n<p>Teknoloji \u015firketleri asl\u0131nda bunu tercih edebilir. Do\u011frulanm\u0131\u015f kullan\u0131c\u0131lar reklamverenler i\u00e7in daha de\u011ferli. Ama bu kadar karamsar olmayal\u0131m. Baz\u0131 insanlar ger\u00e7ekten \u00e7ocuklara yard\u0131m etmek istiyor.   <\/p>\n<h3>Uygulama Konusu H\u00e2l\u00e2 B\u00fcy\u00fck Bir Soru \u0130\u015fareti<\/h3>\n<p>Yasalar yazmak kolayd\u0131r. Uygulamas\u0131 zordur. \u00c7ocuklar zekidir. VPN\u2019ler mevcuttur. B\u00fcy\u00fck karde\u015fler hesaplar\u0131n\u0131 payla\u015f\u0131r. Herhangi bir yeni kural\u0131n y\u00fcr\u00fcrl\u00fc\u011fe girmesinden birka\u00e7 saat sonra ge\u00e7ici \u00e7\u00f6z\u00fcmler ortaya \u00e7\u0131kar.     <\/p>\n<p>Kurallar\u0131na uymayan \u015firketler \u00e7ok y\u00fcksek para cezalar\u0131yla kar\u015f\u0131 kar\u015f\u0131ya kal\u0131yor. Bu, cayd\u0131r\u0131c\u0131 unsur. Peki bunu kim denetliyor? Devlet m\u00fcfetti\u015fleri hesaplar\u0131 tek tek mi inceliyor? Kula\u011fa sa\u00e7ma geliyor. \u00c7\u00fcnk\u00fc asl\u0131nda \u00f6yle de say\u0131l\u0131r.     <\/p>\n<p>Ger\u00e7ek, insan\u0131 hayal k\u0131r\u0131kl\u0131\u011f\u0131na u\u011frat\u0131yor. Yasalara tam olarak uyulmas\u0131n\u0131 sa\u011flamak imkans\u0131z. Bu yasalar eri\u015fimi azaltabilir. Ama tamamen ortadan kald\u0131ramazlar. Belki de bu kadar\u0131 yeterlidir.    <\/p>\n<h2>Ele\u015ftirmenlerin Yan\u0131ld\u0131klar\u0131 Noktalar<\/h2>\n<p>Baz\u0131 ele\u015ftirmenler, yasaklar\u0131n i\u015fe yaramad\u0131\u011f\u0131n\u0131 s\u00f6yl\u00fcyor. Ba\u015far\u0131s\u0131z uyu\u015fturucu politikalar\u0131n\u0131 \u00f6rnek g\u00f6steriyorlar. Yasaklama d\u00f6nemleriyle kar\u015f\u0131la\u015ft\u0131rmalar havada u\u00e7u\u015fuyor. Ancak bu arg\u00fcman \u00e7ok \u00f6nemli bir noktay\u0131 g\u00f6zden ka\u00e7\u0131r\u0131yor. Biz yeti\u015fkinleri engellemeye \u00e7al\u0131\u015fm\u0131yoruz. Geli\u015fmekte olan zihinleri koruyoruz.     <\/p>\n<p><a title=\"kreablog\" href=\"https:\/\/kreablog.com\/tr\">KREAblog&#8217;da <\/a>y\u0131llard\u0131r teknoloji tart\u0131\u015fmalar\u0131n\u0131 takip ediyoruz. Bu tart\u0131\u015fma ise farkl\u0131 geliyor. Burada s\u00f6z konusu olan ger\u00e7ek \u00e7ocuklar. Teorik gelecekteki zararlar de\u011fil. \u015eu anda zorluklarla bo\u011fu\u015fan ger\u00e7ek \u00e7ocuklar.    <\/p>\n<p>Baz\u0131lar\u0131 gen\u00e7lerin dijital becerilere ihtiyac\u0131 oldu\u011funu savunuyor. Bu do\u011fru! Ancak teknolojiyi \u00f6\u011frenmek, her g\u00fcn ekran\u0131 kayd\u0131rmaktan ibaret olmak zorunda de\u011fil. Okullarda TikTok eri\u015fimi olmadan da bilgisayar e\u011fitimi veriliyor. Beceri arg\u00fcman\u0131 mant\u0131kl\u0131 geliyor. Oysa bu asl\u0131nda dikkatleri ba\u015fka y\u00f6ne \u00e7ekmekten ibaret.     <\/p>\n<h3>\u201cDijital Yerli\u201d Efsanesi<\/h3>\n<p>Kendimize, \u00e7ocuklar\u0131n teknolojiyi do\u011fal olarak anlad\u0131\u011f\u0131n\u0131 s\u00f6yledik. Ama anlam\u0131yorlar. Uygulamalar\u0131 anl\u0131yorlar. Bu farkl\u0131 bir \u015fey. Algoritmalar\u0131n duygular\u0131 nas\u0131l y\u00f6nlendirdi\u011fini anlamak m\u0131? Bunu uygulamalar\u0131 kullanarak \u00f6\u011frenmiyorlar.     <\/p>\n<p>Birine \u201cdijital yerli\u201d demek kula\u011fa ho\u015f geliyor. Asl\u0131nda bu bir bahane. \u00c7ocuklar\u0131n her \u015feyi kendi ba\u015flar\u0131na \u00e7\u00f6zmelerine izin verdik. Sonra da zorland\u0131klar\u0131 i\u00e7in onlar\u0131 su\u00e7lad\u0131k. Bu adil de\u011fildi.    <\/p>\n<p>Bu platformlar\u0131 yeti\u015fkinler kurdu. Etkile\u015fimden k\u00e2r edenler de yeti\u015fkinler. Belki de sorunlar\u0131 \u00e7\u00f6zmesi gerekenler de yeti\u015fkinlerdir. Bu yasaklar, yeti\u015fkinlerin sorumluluk ald\u0131\u011f\u0131n\u0131 g\u00f6steriyor. Nihayet.    <\/p>\n<h2>Bu K\u00fcresel Deneyde Bundan Sonra Ne Olacak?<\/h2>\n<p>Hen\u00fcz ke\u015ffedilmemi\u015f bir alana giriyoruz. Hi\u00e7bir nesil bu k\u0131s\u0131tlamalar alt\u0131nda b\u00fcy\u00fcmemi\u015ftir. \u201cYasaklanm\u0131\u015f\u201d \u00e7ocuklar\u0131n ilk dalgas\u0131, vaka \u00e7al\u0131\u015fmalar\u0131 haline gelecektir. Ara\u015ft\u0131rmac\u0131lar, bu \u00e7ocuklar\u0131n sonradan nas\u0131l bir yol izlediklerini kar\u015f\u0131la\u015ft\u0131racaklard\u0131r.   <\/p>\n<p>Ya i\u015fe yararsa? Kayg\u0131lar\u0131 azalm\u0131\u015f gen\u00e7leri bir d\u00fc\u015f\u00fcn\u00fcn. Daha iyi bir uyku. Daha sa\u011flam dostluklar. Daha fazla kitap okuma. B\u00f6yle bir d\u00fcnya kula\u011fa olduk\u00e7a ho\u015f geliyor. Bu ger\u00e7ekle\u015febilir.      <\/p>\n<p>Ya ba\u015far\u0131s\u0131z olursa? \u00c7ocuklar \u00e7\u00f6z\u00fcm yollar\u0131 bulur. Karaborsa ortaya \u00e7\u0131kar. Yasak meyve daha tatl\u0131 gelir. Sosyal medya daha da \u00e7ekici hale gelir. Bu da m\u00fcmk\u00fcn.     <\/p>\n<p>Muhtemelen? \u0130kisinin aras\u0131nda bir \u015fey. K\u0131smi ba\u015far\u0131. Zarar\u0131n azalt\u0131lmas\u0131. Tart\u0131\u015fmalar\u0131n s\u00fcrmesi. Bitmek bilmeyen d\u00fczenlemeler. Politika genellikle b\u00f6yle i\u015fler. Karma\u015f\u0131k ama anlaml\u0131.       <\/p>\n<p>Konu\u015fma konusu kal\u0131c\u0131 olarak de\u011fi\u015fti. Art\u0131k internet eri\u015fiminin her zaman olumlu oldu\u011funu varsaym\u0131yoruz. Eskiden k\u00f6r\u00fc k\u00f6r\u00fcne kabul etti\u011fimiz \u015feyleri sorguluyoruz. Bu bir ilerlemedir. \u00c7\u00f6z\u00fcmler hen\u00fcz m\u00fckemmel olmasa bile.    <\/p>\n<p>\u00c7ocuklar\u0131n\u0131z ya da gelecekteki \u00e7ocuklar\u0131n\u0131z farkl\u0131 bir \u015fekilde b\u00fcy\u00fcyecek. Kurallar yeniden yaz\u0131l\u0131yor. Bunun iyi mi yoksa k\u00f6t\u00fc m\u00fc oldu\u011fu, uygulamaya ba\u011fl\u0131. \u015eu ana kadar h\u00fck\u00fcmetler \u00e7aba g\u00f6steriyor. Bu da bir \u015feydir.    <\/p>\n<p><em>Bu makale yaln\u0131zca bilgilendirme ama\u00e7l\u0131d\u0131r.<\/em><\/p>\n","protected":false},"excerpt":{"rendered":"<p>\u00c7ocuklara y\u00f6nelik sosyal medya yasaklar\u0131 d\u00fcnya \u00e7ap\u0131nda yayg\u0131nla\u015f\u0131yor. \u0130\u015fte h\u00fck\u00fcmetlerin neden \u015fimdi harekete ge\u00e7ti\u011fi ve bunun dijital ya\u015fam i\u00e7in ne anlama geldi\u011fi. <\/p>\n","protected":false},"author":5,"featured_media":11278,"comment_status":"closed","ping_status":"","sticky":false,"template":"","format":"standard","meta":{"_aioseo_title":"Sosyal Medya Yasaklar\u0131: \u00c7ocuklar\u0131 Korumaya Y\u00f6nelik K\u00fcresel \u00c7abalar","_aioseo_description":"\u00c7ocuklara y\u00f6nelik sosyal medya yasaklar\u0131 d\u00fcnya \u00e7ap\u0131nda yayg\u0131nla\u015f\u0131yor. \u0130\u015fte h\u00fck\u00fcmetlerin neden \u015fimdi harekete ge\u00e7ti\u011fi ve bunun dijital ya\u015fam i\u00e7in ne anlama geldi\u011fi. ","_aioseo_keyphrases":"","_video_image1":"","_video_image2":"","jnews-multi-image_gallery":[],"jnews_single_post":[],"jnews_primary_category":[],"jnews_override_counter":[],"footnotes":""},"categories":[801],"tags":[],"class_list":["post-11279","post","type-post","status-publish","format-standard","has-post-thumbnail","hentry","category-sosyal-medya"],"aioseo_notices":[],"_links":{"self":[{"href":"https:\/\/kreablog.com\/tr\/wp-json\/wp\/v2\/posts\/11279","targetHints":{"allow":["GET"]}}],"collection":[{"href":"https:\/\/kreablog.com\/tr\/wp-json\/wp\/v2\/posts"}],"about":[{"href":"https:\/\/kreablog.com\/tr\/wp-json\/wp\/v2\/types\/post"}],"author":[{"embeddable":true,"href":"https:\/\/kreablog.com\/tr\/wp-json\/wp\/v2\/users\/5"}],"replies":[{"embeddable":true,"href":"https:\/\/kreablog.com\/tr\/wp-json\/wp\/v2\/comments?post=11279"}],"version-history":[{"count":0,"href":"https:\/\/kreablog.com\/tr\/wp-json\/wp\/v2\/posts\/11279\/revisions"}],"wp:featuredmedia":[{"embeddable":true,"href":"https:\/\/kreablog.com\/tr\/wp-json\/wp\/v2\/media\/11278"}],"wp:attachment":[{"href":"https:\/\/kreablog.com\/tr\/wp-json\/wp\/v2\/media?parent=11279"}],"wp:term":[{"taxonomy":"category","embeddable":true,"href":"https:\/\/kreablog.com\/tr\/wp-json\/wp\/v2\/categories?post=11279"},{"taxonomy":"post_tag","embeddable":true,"href":"https:\/\/kreablog.com\/tr\/wp-json\/wp\/v2\/tags?post=11279"}],"curies":[{"name":"wp","href":"https:\/\/api.w.org\/{rel}","templated":true}]}}