{"id":12173,"date":"2026-08-20T06:02:52","date_gmt":"2026-08-20T03:02:52","guid":{"rendered":"https:\/\/kreablog.com\/el-yapimi-aydinlatma-neden-el-isciligi-mukemmelligi-geride-birakir\/"},"modified":"2026-08-20T06:02:52","modified_gmt":"2026-08-20T03:02:52","slug":"el-yapimi-aydinlatma-neden-el-isciligi-mukemmelligi-geride-birakir","status":"publish","type":"post","link":"https:\/\/kreablog.com\/tr\/el-yapimi-aydinlatma-neden-el-isciligi-mukemmelligi-geride-birakir\/","title":{"rendered":"El Yap\u0131m\u0131 Ayd\u0131nlatma: Neden El \u0130\u015f\u00e7ili\u011fi M\u00fckemmelli\u011fi Geride B\u0131rak\u0131r?"},"content":{"rendered":"<p>El yap\u0131m\u0131 ayd\u0131nlatma \u00fcr\u00fcnleri \u015fu anda b\u00fcy\u00fck ilgi g\u00f6r\u00fcyor. Ama a\u00e7\u0131k\u00e7as\u0131, bunun zaman\u0131 \u00e7oktan gelmi\u015fti. On y\u0131llard\u0131r seri \u00fcretimin so\u011fuk \u0131\u015f\u0131\u011f\u0131 alt\u0131nda ya\u015f\u0131yorduk. \u015eimdi ise daha derin bir \u015fey bizi geri \u00e7a\u011f\u0131r\u0131yor.<\/p>\n<p>\u0130nsanlar s\u0131cakl\u0131k ar\u0131yor. Bir hik\u00e2ye ar\u0131yor. Ve insan eliyle yap\u0131lm\u0131\u015f \u015feyler ar\u0131yor. Bu de\u011fi\u015fim sadece bir moda de\u011fil. Tek kullan\u0131ml\u0131k tasar\u0131m k\u00fclt\u00fcr\u00fcne kar\u015f\u0131 bir tepki.<\/p>\n<h2>El Yap\u0131m\u0131 Ayd\u0131nlatma Neden Modern Ruhlara Hitap Ediyor?<\/h2>\n<p>\u015e\u00f6yle bir d\u00fc\u015f\u00fcnelim: B\u00fct\u00fcn g\u00fcn ekranlara bak\u0131yoruz. Evlerimiz \u00e7e\u015fitli cihazlarla dolu. \u00d6yleyse neden daha steril, fabrikadan \u00e7\u0131km\u0131\u015f gibi kusursuz nesneler isteyelim ki? \u0130stemiyoruz. \u0130\u015fte tam da bu y\u00fczden el yap\u0131m\u0131 lambalar\u0131n pop\u00fclaritesi h\u0131zla art\u0131yor.<\/p>\n<h3>Kusurlu Olman\u0131n Cazibesi<\/h3>\n<p>Japon esteti\u011finde buna \u201cwabi-sabi\u201d denir. Bu, kusurlu olman\u0131n g\u00fczelli\u011fidir. Kildeki hafif bir sallant\u0131. Ka\u011f\u0131d\u0131n d\u00fczensiz kenar\u0131. Bu \u201ckusurlar\u201d, nesnelere canl\u0131l\u0131k katar. Nefes al\u0131rlar. Fabrika \u00fcretimi lambalar bununla boy \u00f6l\u00e7\u00fc\u015femez. Her el yap\u0131m\u0131 par\u00e7a, yap\u0131mc\u0131s\u0131n\u0131n izini ta\u015f\u0131r. Bu, yeri doldurulamaz bir \u015feydir.<\/p>\n<h3>Do\u011fal Malzemeler I\u015f\u0131\u011f\u0131 Farkl\u0131 \u015eekilde Filtreler<\/h3>\n<p>Kil ve ka\u011f\u0131t sadece g\u00fczel g\u00f6r\u00fcnmekle kalmaz. I\u015f\u0131\u011f\u0131, plasti\u011fin asla ba\u015faramayaca\u011f\u0131 \u015fekillerde d\u00f6n\u00fc\u015ft\u00fcr\u00fcrler. Bir d\u00fc\u015f\u00fcn\u00fcn. Washi ka\u011f\u0131d\u0131ndan ge\u00e7en \u0131\u015f\u0131k yumu\u015fak, neredeyse s\u00fct rengi bir hal al\u0131r. \u00d6te yandan kil, derinlik katan s\u0131cak g\u00f6lgeler yarat\u0131r. Bu malzemeler sadece ampulleri tutmakla kalmaz; \u0131\u015f\u0131\u011f\u0131n kendisiyle uyum i\u00e7inde \u00e7al\u0131\u015f\u0131rlar. Ortaya \u00e7\u0131kan sonu\u00e7, yapay bir par\u0131lt\u0131dan \u00e7ok g\u00fcne\u015f \u0131\u015f\u0131\u011f\u0131na benzer.<\/p>\n<p>Ayr\u0131ca, do\u011fal malzemeler zamanla zarif bir \u015fekilde eskir. \u00dczerlerinde patina olu\u015fur. Fabrika \u00fcretimi par\u00e7alar sadece eski g\u00f6r\u00fcn\u00fcr. El yap\u0131m\u0131 olanlar ise zaman\u0131n izlerini ta\u015f\u0131r. Aralar\u0131nda \u00e7ok b\u00fcy\u00fck bir fark vard\u0131r.<\/p>\n<h2>El Yap\u0131m\u0131 Ayd\u0131nlatma Alternatiflerinde Seri \u00dcretimin Ger\u00e7ek Maliyeti<\/h2>\n<p>Bir an i\u00e7in rakamlara de\u011finelim. Seri \u00fcretilen lambalar ilk bak\u0131\u015fta ucuzdur. Peki ger\u00e7ek bedeli nedir? \u00c7\u00f6p sahalar\u0131 k\u0131r\u0131k ayd\u0131nlatma armat\u00fcrleriyle dolup ta\u015f\u0131yor. Nakliye maliyetleri karbon emisyonlar\u0131n\u0131 art\u0131r\u0131yor. \u00dcstelik i\u015f\u00e7iler genellikle zorlu ko\u015fullara maruz kal\u0131yor. <a title=\"kreablog\" href=\"https:\/\/kreablog.com\/tr\">KREAblog <\/a>ekibi bu gizli maliyetler \u00fczerinde derinlemesine d\u00fc\u015f\u00fcn\u00fcyor.<\/p>\n<figure class=\"wp-block-image size-large\"><img decoding=\"async\" src=\"https:\/\/kreablog.com\/wp-content\/uploads\/2026\/08\/handmade-lighting-why-craft-beats-perfection-inline.jpg\" alt=\"El Yap\u0131m\u0131 Ayd\u0131nlatma: Neden El \u0130\u015f\u00e7ili\u011fi M\u00fckemmelli\u011fi Geride B\u0131rak\u0131r?\"><\/figure>\n<h3>Yerel El Sanatlar\u0131, Ger\u00e7ek Topluluklar\u0131 Destekliyor<\/h3>\n<p>El yap\u0131m\u0131 \u00fcr\u00fcnler sat\u0131n ald\u0131\u011f\u0131n\u0131zda, para yerel ekonomide kal\u0131r. Zanaatkarlar ailelerini ge\u00e7indirir. Beceriler nesilden nesile aktar\u0131l\u0131r. Topluluklar canl\u0131l\u0131\u011f\u0131n\u0131 korur. \u0130\u015fte ruhu olan ekonomi budur. Bunu deniza\u015f\u0131r\u0131 \u00fclkelerdeki fabrika \u00fccretleriyle kar\u015f\u0131la\u015ft\u0131r\u0131n. Aradaki fark \u00e7ok belirgindir.<\/p>\n<h3>Ger\u00e7ekten Hissedebilece\u011finiz Dayan\u0131kl\u0131l\u0131k<\/h3>\n<p>El yap\u0131m\u0131 \u00fcr\u00fcnler uzun \u00f6m\u00fcrl\u00fcd\u00fcr. Bu kadar basit. Zanaatkarlar i\u015fleriyle gurur duyarlar. K\u0131r\u0131lgan ve kalitesiz \u00fcr\u00fcnleri at\u00f6lyelerinden d\u0131\u015far\u0131 \u00e7\u0131karmazlar. Ayr\u0131ca, onar\u0131m da m\u00fcmk\u00fcnd\u00fcr. \u00c7atlam\u0131\u015f bir kil taban onar\u0131labilir. Y\u0131rt\u0131lm\u0131\u015f bir ka\u011f\u0131t abajur de\u011fi\u015ftirilebilir. Ucuz bir IKEA lambas\u0131n\u0131 tamir etmeyi deneyin. Bol \u015fans.<\/p>\n<h2>El Sanatlar\u0131 \u0130\u00e7 Tasar\u0131m\u0131n Gelece\u011fini Nas\u0131l \u015eekillendiriyor?<\/h2>\n<p>\u0130\u00e7 mimarlar da bu trendi fark etmeye ba\u015flad\u0131. Tek tip odalar art\u0131k herkesi s\u0131k\u0131yor. M\u00fc\u015fteriler art\u0131k benzersiz ve anlaml\u0131 par\u00e7alar istiyor. Konu\u015fma konusu olacak \u00f6\u011feler ar\u0131yorlar. Arkas\u0131nda bir hik\u00e2ye olan bir lamba, s\u0131radan bir zarafeti her zaman geride b\u0131rak\u0131r.<\/p>\n<p>Ancak bu de\u011fi\u015fim sab\u0131r gerektirir. El yap\u0131m\u0131 \u00fcr\u00fcnler zaman al\u0131r. Orijinalli\u011fi Prime ile hemen teslim ettiremezsiniz. Asl\u0131nda mesele de budur. Beklemek, o \u00fcr\u00fcne sahip olman\u0131n anlam\u0131n\u0131 daha da art\u0131r\u0131r.<\/p>\n<h3>Y\u00fcksek Teknoloji ile Pratik Uygulamay\u0131 Bir Araya Getirmek<\/h3>\n<p>\u0130\u015fte burada i\u015fler ilgin\u00e7le\u015fiyor. Ak\u0131ll\u0131 ev sistemleri, el yap\u0131m\u0131 zanaat \u00fcr\u00fcnleriyle bulu\u015fuyor. Elle \u015fekillendirilmi\u015f bir kil lamban\u0131n sesle kontrol edilen \u0131\u015f\u0131k ayar\u0131n\u0131 hayal edin. Teknoloji ve zanaat birbirinin d\u00fc\u015fman\u0131 de\u011fil. Asl\u0131nda birbirini tamamlayan unsurlar. En iyi modern i\u00e7 mekan tasar\u0131mlar\u0131, ikisini de kusursuz bir \u015fekilde harmanl\u0131yor.<\/p>\n<h3>S\u00fcrd\u00fcr\u00fclebilirlik Art\u0131k \u0130ste\u011fe Ba\u011fl\u0131 De\u011fil<\/h3>\n<p>Gen\u00e7 al\u0131c\u0131lar \u00e7evreye duyarl\u0131 se\u00e7enekler talep ediyor. Malzemeleri ara\u015ft\u0131r\u0131yorlar. Men\u015felerini sorguluyorlar. El yap\u0131m\u0131 ayd\u0131nlatma \u00fcr\u00fcnleri bu endi\u015feleri do\u011fal bir \u015fekilde gideriyor. Kil, topraktan elde edilir. Washi ka\u011f\u0131d\u0131 ise bitki liflerinden \u00fcretilir. Her ikisi de sorunsuz bir \u015fekilde do\u011faya geri d\u00f6ner. Bu konu her ge\u00e7en y\u0131l daha da \u00f6nem kazan\u0131yor.<\/p>\n<h2>Kendi El Yap\u0131m\u0131 Ayd\u0131nlatma Yolunuzu Bulmak<\/h2>\n<p>Peki, nereden ba\u015flamal\u0131? Yerel el sanatlar\u0131 fuarlar\u0131 adeta birer alt\u0131n madeni. Instagram, d\u00fcnyan\u0131n d\u00f6rt bir yan\u0131ndaki muhte\u015fem zanaatkarlar\u0131 g\u00f6zler \u00f6n\u00fcne seriyor. K\u00fc\u00e7\u00fck \u00f6l\u00e7ekli pazar yerleri ise kaliteli \u00fcr\u00fcnleri \u00f6zenle se\u00e7ip sunuyor. Ancak as\u0131l \u00f6nemli olan \u015fu: acele etmeyin.<\/p>\n<p>\u00d6nce bir par\u00e7an\u0131n kar\u015f\u0131s\u0131na oturun. Size bir \u015feyler ifade ediyor mu? Onu kendi mekan\u0131n\u0131zda hayal edebiliyor musunuz? \u0130yi tasar\u0131m, duygusal tepkiler uyand\u0131r\u0131r. Do\u011fru geldi\u011fini hissediyorsan\u0131z, o i\u00e7g\u00fcd\u00fcn\u00fcze g\u00fcvenin.<\/p>\n<p>Ayr\u0131ca, m\u00fcmk\u00fcn oldu\u011funda \u00fcreticilerle konu\u015fun. S\u00fcre\u00e7lerini anlamak, takdirinizi derinle\u015ftirir. Lamban\u0131z\u0131n arkas\u0131nda yatan emekleri \u00f6\u011frendikten sonra ona farkl\u0131 bir g\u00f6zle bakacaks\u0131n\u0131z. Bu ba\u011f, s\u0131radan nesneleri anlaml\u0131 e\u015fyalara d\u00f6n\u00fc\u015ft\u00fcr\u00fcr.<\/p>\n<p>Son olarak, daha y\u00fcksek fiyatlar\u0131 kabul edin. Kaliteye bedeli vard\u0131r. Peki ya on y\u0131llar boyunca kullan\u0131m ba\u015f\u0131na maliyet? El yap\u0131m\u0131 \u00fcr\u00fcnler her zaman kazan\u0131r. Bu bir yat\u0131r\u0131m yakla\u015f\u0131m\u0131d\u0131r, masraf yakla\u015f\u0131m\u0131 de\u011fil. Gelecekteki haliniz size minnettar olacakt\u0131r.<\/p>\n<p>D\u00fcnyan\u0131n daha fazla tek kullan\u0131ml\u0131k e\u015fyaya ihtiyac\u0131 yok. \u0130htiyac\u0131 olan \u015fey, \u00f6zenle \u00fcretilmi\u015f, daha az say\u0131da ama daha kaliteli e\u015fyalar. El yap\u0131m\u0131 ayd\u0131nlatma \u00fcr\u00fcnleri bu felsefeyi m\u00fckemmel bir \u015fekilde yans\u0131t\u0131yor. Her bir par\u00e7a, tekd\u00fczeli\u011fe kar\u015f\u0131 k\u00fc\u00e7\u00fck bir isyan niteli\u011finde.<\/p>\n<p><em>Bu makale yaln\u0131zca bilgilendirme ama\u00e7l\u0131d\u0131r.<\/em><\/p>\n","protected":false},"excerpt":{"rendered":"<p>El yap\u0131m\u0131 ayd\u0131nlatma, modern mekanlara s\u0131cakl\u0131k ve ruh katar. Kusursuz, fabrikada \u00fcretilmi\u015f tasar\u0131m par\u00e7alar\u0131n\u0131n yerine neden kusurlu el i\u015f\u00e7ili\u011finin tercih edildi\u011fini ke\u015ffedin.<\/p>\n","protected":false},"author":5,"featured_media":12172,"comment_status":"closed","ping_status":"closed","sticky":false,"template":"","format":"standard","meta":{"_aioseo_title":"El Yap\u0131m\u0131 Ayd\u0131nlatma: Neden El \u0130\u015f\u00e7ili\u011fi M\u00fckemmelli\u011fi Geride B\u0131rak\u0131r?","_aioseo_description":"El yap\u0131m\u0131 ayd\u0131nlatma, modern mekanlara s\u0131cakl\u0131k ve ruh katar. Kusursuz, fabrikada \u00fcretilmi\u015f tasar\u0131m par\u00e7alar\u0131n\u0131n yerine neden kusurlu el i\u015f\u00e7ili\u011finin tercih edildi\u011fini ke\u015ffedin.","_aioseo_keyphrases":"","_video_image1":"","_video_image2":"","jnews-multi-image_gallery":[],"jnews_single_post":[],"jnews_primary_category":[],"jnews_override_counter":[],"footnotes":""},"categories":[111],"tags":[],"class_list":["post-12173","post","type-post","status-publish","format-standard","has-post-thumbnail","hentry","category-tasarim"],"aioseo_notices":[],"aioseo_head":"\n\t\t<!-- All in One SEO Pro 5.0.1.1 - aioseo.com -->\n\t<meta name=\"description\" content=\"El yap\u0131m\u0131 ayd\u0131nlatma, modern mekanlara s\u0131cakl\u0131k ve ruh katar. Kusursuz, fabrikada \u00fcretilmi\u015f tasar\u0131m par\u00e7alar\u0131n\u0131n yerine neden kusurlu el i\u015f\u00e7ili\u011finin tercih edildi\u011fini ke\u015ffedin.\" \/>\n\t<meta name=\"robots\" content=\"max-image-preview:large\" \/>\n\t<meta name=\"author\" content=\"KREAblog02\"\/>\n\t<meta name=\"google-site-verification\" content=\"b3qHUL6SHlbP9AUigTIONu5GsWJCME3wOsRc03QZ5eY\" \/>\n\t<meta name=\"msvalidate.01\" content=\"6C21A1AE7193FBFF54D0467BD553B7DE\" \/>\n\t<link rel=\"canonical\" href=\"https:\/\/kreablog.com\/tr\/el-yapimi-aydinlatma-neden-el-isciligi-mukemmelligi-geride-birakir\/\" \/>\n\t<meta name=\"generator\" content=\"All in One SEO Pro (AIOSEO) 5.0.1.1\" \/>\n\t\t<meta property=\"og:locale\" content=\"tr_TR\" \/>\n\t\t<meta property=\"og:site_name\" content=\"KREAblog | Creative News\" \/>\n\t\t<meta property=\"og:type\" content=\"article\" \/>\n\t\t<meta property=\"og:title\" content=\"El Yap\u0131m\u0131 Ayd\u0131nlatma: Neden El \u0130\u015f\u00e7ili\u011fi M\u00fckemmelli\u011fi Geride B\u0131rak\u0131r?\" \/>\n\t\t<meta property=\"og:description\" content=\"El yap\u0131m\u0131 ayd\u0131nlatma, modern mekanlara s\u0131cakl\u0131k ve ruh katar. Kusursuz, fabrikada \u00fcretilmi\u015f tasar\u0131m par\u00e7alar\u0131n\u0131n yerine neden kusurlu el i\u015f\u00e7ili\u011finin tercih edildi\u011fini ke\u015ffedin.\" \/>\n\t\t<meta property=\"og:url\" content=\"https:\/\/kreablog.com\/tr\/el-yapimi-aydinlatma-neden-el-isciligi-mukemmelligi-geride-birakir\/\" \/>\n\t\t<meta property=\"og:image\" content=\"https:\/\/kreablog.com\/wp-content\/uploads\/2023\/12\/logo-KREAblog-500.png\" \/>\n\t\t<meta property=\"og:image:secure_url\" content=\"https:\/\/kreablog.com\/wp-content\/uploads\/2023\/12\/logo-KREAblog-500.png\" \/>\n\t\t<meta property=\"og:image:width\" content=\"500\" \/>\n\t\t<meta property=\"og:image:height\" content=\"114\" \/>\n\t\t<meta property=\"article:published_time\" content=\"2026-08-20T03:02:52+00:00\" \/>\n\t\t<meta property=\"article:modified_time\" content=\"2026-08-20T03:02:52+00:00\" \/>\n\t\t<meta property=\"article:publisher\" content=\"https:\/\/www.facebook.com\/kreablogcom\" \/>\n\t\t<meta name=\"twitter:card\" content=\"summary_large_image\" \/>\n\t\t<meta name=\"twitter:site\" content=\"@keablogcom\" \/>\n\t\t<meta name=\"twitter:title\" content=\"El Yap\u0131m\u0131 Ayd\u0131nlatma: Neden El \u0130\u015f\u00e7ili\u011fi M\u00fckemmelli\u011fi Geride B\u0131rak\u0131r?\" \/>\n\t\t<meta name=\"twitter:description\" content=\"El yap\u0131m\u0131 ayd\u0131nlatma, modern mekanlara s\u0131cakl\u0131k ve ruh katar. Kusursuz, fabrikada \u00fcretilmi\u015f tasar\u0131m par\u00e7alar\u0131n\u0131n yerine neden kusurlu el i\u015f\u00e7ili\u011finin tercih edildi\u011fini ke\u015ffedin.\" \/>\n\t\t<meta name=\"twitter:creator\" content=\"@keablogcom\" \/>\n\t\t<meta name=\"twitter:image\" content=\"https:\/\/kreablog.com\/wp-content\/uploads\/2023\/12\/logo-KREAblog-500.png\" \/>\n\t\t<meta name=\"twitter:label1\" content=\"Written by\" \/>\n\t\t<meta name=\"twitter:data1\" content=\"KREAblog02\" \/>\n\t\t<meta name=\"twitter:label2\" content=\"Est. reading time\" \/>\n\t\t<meta name=\"twitter:data2\" content=\"5 minutes\" \/>\n\t\t<script type=\"application\/ld+json\" class=\"aioseo-schema\">\n\t\t\t{\"@context\":\"https:\\\/\\\/schema.org\",\"@graph\":[{\"@type\":\"Article\",\"@id\":\"https:\\\/\\\/kreablog.com\\\/tr\\\/el-yapimi-aydinlatma-neden-el-isciligi-mukemmelligi-geride-birakir\\\/#article\",\"name\":\"El Yap\\u0131m\\u0131 Ayd\\u0131nlatma: Neden El \\u0130\\u015f\\u00e7ili\\u011fi M\\u00fckemmelli\\u011fi Geride B\\u0131rak\\u0131r?\",\"headline\":\"El Yap\\u0131m\\u0131 Ayd\\u0131nlatma: Neden El \\u0130\\u015f\\u00e7ili\\u011fi M\\u00fckemmelli\\u011fi Geride B\\u0131rak\\u0131r?\",\"author\":{\"@id\":\"https:\\\/\\\/kreablog.com\\\/tr\\\/author\\\/kreablog02\\\/#author\"},\"publisher\":{\"@id\":\"https:\\\/\\\/kreablog.com\\\/tr\\\/#organization\"},\"image\":{\"@type\":\"ImageObject\",\"url\":\"https:\\\/\\\/kreablog.com\\\/wp-content\\\/uploads\\\/2026\\\/08\\\/handmade-lighting-why-craft-beats-perfection-cover.jpg\",\"width\":1024,\"height\":576,\"caption\":\"G\\u00fcne\\u015f \\u0131\\u015f\\u0131\\u011f\\u0131 alan ah\\u015fap bir masan\\u0131n \\u00fczerinde, bej renkli abajurlu ah\\u015fap masa lambas\\u0131.\"},\"datePublished\":\"2026-08-20T06:02:52+03:00\",\"dateModified\":\"2026-08-20T06:02:52+03:00\",\"inLanguage\":\"tr-TR\",\"mainEntityOfPage\":{\"@id\":\"https:\\\/\\\/kreablog.com\\\/tr\\\/el-yapimi-aydinlatma-neden-el-isciligi-mukemmelligi-geride-birakir\\\/#webpage\"},\"isPartOf\":{\"@id\":\"https:\\\/\\\/kreablog.com\\\/tr\\\/el-yapimi-aydinlatma-neden-el-isciligi-mukemmelligi-geride-birakir\\\/#webpage\"},\"articleSection\":\"Tasar\\u0131m, Optional\"},{\"@type\":\"BreadcrumbList\",\"@id\":\"https:\\\/\\\/kreablog.com\\\/tr\\\/el-yapimi-aydinlatma-neden-el-isciligi-mukemmelligi-geride-birakir\\\/#breadcrumblist\",\"itemListElement\":[{\"@type\":\"ListItem\",\"@id\":\"https:\\\/\\\/kreablog.com\\\/tr\\\/#listItem\",\"position\":1,\"name\":\"Home\",\"item\":\"https:\\\/\\\/kreablog.com\\\/tr\\\/\",\"nextItem\":{\"@type\":\"ListItem\",\"@id\":\"https:\\\/\\\/kreablog.com\\\/tr\\\/kategori\\\/tasarim\\\/#listItem\",\"name\":\"Tasar\\u0131m\"}},{\"@type\":\"ListItem\",\"@id\":\"https:\\\/\\\/kreablog.com\\\/tr\\\/kategori\\\/tasarim\\\/#listItem\",\"position\":2,\"name\":\"Tasar\\u0131m\",\"item\":\"https:\\\/\\\/kreablog.com\\\/tr\\\/kategori\\\/tasarim\\\/\",\"nextItem\":{\"@type\":\"ListItem\",\"@id\":\"https:\\\/\\\/kreablog.com\\\/tr\\\/el-yapimi-aydinlatma-neden-el-isciligi-mukemmelligi-geride-birakir\\\/#listItem\",\"name\":\"El Yap\\u0131m\\u0131 Ayd\\u0131nlatma: Neden El \\u0130\\u015f\\u00e7ili\\u011fi M\\u00fckemmelli\\u011fi Geride B\\u0131rak\\u0131r?\"},\"previousItem\":{\"@type\":\"ListItem\",\"@id\":\"https:\\\/\\\/kreablog.com\\\/tr\\\/#listItem\",\"name\":\"Home\"}},{\"@type\":\"ListItem\",\"@id\":\"https:\\\/\\\/kreablog.com\\\/tr\\\/el-yapimi-aydinlatma-neden-el-isciligi-mukemmelligi-geride-birakir\\\/#listItem\",\"position\":3,\"name\":\"El Yap\\u0131m\\u0131 Ayd\\u0131nlatma: Neden El \\u0130\\u015f\\u00e7ili\\u011fi M\\u00fckemmelli\\u011fi Geride B\\u0131rak\\u0131r?\",\"previousItem\":{\"@type\":\"ListItem\",\"@id\":\"https:\\\/\\\/kreablog.com\\\/tr\\\/kategori\\\/tasarim\\\/#listItem\",\"name\":\"Tasar\\u0131m\"}}]},{\"@type\":\"Organization\",\"@id\":\"https:\\\/\\\/kreablog.com\\\/tr\\\/#organization\",\"name\":\"KREAblog | Creative News\",\"description\":\"As a blogging platform focused on creativity and discovery, we take our name from the words KREA and blog. Just like KREABAZ \\ud83d\\ude0a Here we want to live a fun and discovery-filled adventure in the magical world of words and share it with you. We aim to convey every news and development to you in our own language in a simple and clear way without pushing the limits of language. We offer an inspiring environment for you to discover the richness of language. KREAblog, the center of creative ideas and developments, looks forward to accompanying you in the magical world of language.\",\"url\":\"https:\\\/\\\/kreablog.com\\\/tr\\\/\",\"email\":\"info@kreablog.com\",\"telephone\":\"+90 212 982 38 23\",\"foundingDate\":\"2019-04-13\",\"numberOfEmployees\":{\"@type\":\"QuantitativeValue\",\"value\":1},\"logo\":{\"@type\":\"ImageObject\",\"url\":\"https:\\\/\\\/kreablog.com\\\/wp-content\\\/uploads\\\/2024\\\/01\\\/logo-KREAblog-500.png\",\"@id\":\"https:\\\/\\\/kreablog.com\\\/tr\\\/el-yapimi-aydinlatma-neden-el-isciligi-mukemmelligi-geride-birakir\\\/#organizationLogo\",\"width\":500,\"height\":114},\"image\":{\"@id\":\"https:\\\/\\\/kreablog.com\\\/tr\\\/el-yapimi-aydinlatma-neden-el-isciligi-mukemmelligi-geride-birakir\\\/#organizationLogo\"},\"sameAs\":[\"https:\\\/\\\/www.facebook.com\\\/kreablogcom\",\"https:\\\/\\\/x.com\\\/keablogcom\"]},{\"@type\":\"Person\",\"@id\":\"https:\\\/\\\/kreablog.com\\\/tr\\\/author\\\/kreablog02\\\/#author\",\"url\":\"https:\\\/\\\/kreablog.com\\\/tr\\\/author\\\/kreablog02\\\/\",\"name\":\"KREAblog02\",\"image\":{\"@type\":\"ImageObject\",\"@id\":\"https:\\\/\\\/kreablog.com\\\/tr\\\/el-yapimi-aydinlatma-neden-el-isciligi-mukemmelligi-geride-birakir\\\/#authorImage\",\"url\":\"https:\\\/\\\/secure.gravatar.com\\\/avatar\\\/5df34909f4231c9add99b4202a08556ecd38a73455212f63a9f5a31f4237c574?s=96&d=mm&r=g\",\"width\":96,\"height\":96,\"caption\":\"KREAblog02\"}},{\"@type\":\"WebPage\",\"@id\":\"https:\\\/\\\/kreablog.com\\\/tr\\\/el-yapimi-aydinlatma-neden-el-isciligi-mukemmelligi-geride-birakir\\\/#webpage\",\"url\":\"https:\\\/\\\/kreablog.com\\\/tr\\\/el-yapimi-aydinlatma-neden-el-isciligi-mukemmelligi-geride-birakir\\\/\",\"name\":\"El Yap\\u0131m\\u0131 Ayd\\u0131nlatma: Neden El \\u0130\\u015f\\u00e7ili\\u011fi M\\u00fckemmelli\\u011fi Geride B\\u0131rak\\u0131r?\",\"description\":\"El yap\\u0131m\\u0131 ayd\\u0131nlatma, modern mekanlara s\\u0131cakl\\u0131k ve ruh katar. Kusursuz, fabrikada \\u00fcretilmi\\u015f tasar\\u0131m par\\u00e7alar\\u0131n\\u0131n yerine neden kusurlu el i\\u015f\\u00e7ili\\u011finin tercih edildi\\u011fini ke\\u015ffedin.\",\"inLanguage\":\"tr-TR\",\"isPartOf\":{\"@id\":\"https:\\\/\\\/kreablog.com\\\/tr\\\/#website\"},\"breadcrumb\":{\"@id\":\"https:\\\/\\\/kreablog.com\\\/tr\\\/el-yapimi-aydinlatma-neden-el-isciligi-mukemmelligi-geride-birakir\\\/#breadcrumblist\"},\"author\":{\"@id\":\"https:\\\/\\\/kreablog.com\\\/tr\\\/author\\\/kreablog02\\\/#author\"},\"creator\":{\"@id\":\"https:\\\/\\\/kreablog.com\\\/tr\\\/author\\\/kreablog02\\\/#author\"},\"image\":{\"@type\":\"ImageObject\",\"url\":\"https:\\\/\\\/kreablog.com\\\/wp-content\\\/uploads\\\/2026\\\/08\\\/handmade-lighting-why-craft-beats-perfection-cover.jpg\",\"@id\":\"https:\\\/\\\/kreablog.com\\\/tr\\\/el-yapimi-aydinlatma-neden-el-isciligi-mukemmelligi-geride-birakir\\\/#mainImage\",\"width\":1024,\"height\":576,\"caption\":\"G\\u00fcne\\u015f \\u0131\\u015f\\u0131\\u011f\\u0131 alan ah\\u015fap bir masan\\u0131n \\u00fczerinde, bej renkli abajurlu ah\\u015fap masa lambas\\u0131.\"},\"primaryImageOfPage\":{\"@id\":\"https:\\\/\\\/kreablog.com\\\/tr\\\/el-yapimi-aydinlatma-neden-el-isciligi-mukemmelligi-geride-birakir\\\/#mainImage\"},\"datePublished\":\"2026-08-20T06:02:52+03:00\",\"dateModified\":\"2026-08-20T06:02:52+03:00\"},{\"@type\":\"WebSite\",\"@id\":\"https:\\\/\\\/kreablog.com\\\/tr\\\/#website\",\"url\":\"https:\\\/\\\/kreablog.com\\\/tr\\\/\",\"name\":\"KREAblog | Creative News\",\"description\":\"Next Generation Blog for World News\",\"inLanguage\":\"tr-TR\",\"publisher\":{\"@id\":\"https:\\\/\\\/kreablog.com\\\/tr\\\/#organization\"}}]}\n\t\t<\/script>\n\t\t<!-- All in One SEO Pro -->\r\n\t\t<title>El Yap\u0131m\u0131 Ayd\u0131nlatma: Neden El \u0130\u015f\u00e7ili\u011fi M\u00fckemmelli\u011fi Geride B\u0131rak\u0131r?<\/title>\n\n","aioseo_head_json":{"title":"El Yap\u0131m\u0131 Ayd\u0131nlatma: Neden El \u0130\u015f\u00e7ili\u011fi M\u00fckemmelli\u011fi Geride B\u0131rak\u0131r?","description":"El yap\u0131m\u0131 ayd\u0131nlatma, modern mekanlara s\u0131cakl\u0131k ve ruh katar. Kusursuz, fabrikada \u00fcretilmi\u015f tasar\u0131m par\u00e7alar\u0131n\u0131n yerine neden kusurlu el i\u015f\u00e7ili\u011finin tercih edildi\u011fini ke\u015ffedin.","canonical_url":"https:\/\/kreablog.com\/tr\/el-yapimi-aydinlatma-neden-el-isciligi-mukemmelligi-geride-birakir\/","robots":"max-image-preview:large","keywords":"","webmasterTools":{"google-site-verification":"b3qHUL6SHlbP9AUigTIONu5GsWJCME3wOsRc03QZ5eY","msvalidate.01":"6C21A1AE7193FBFF54D0467BD553B7DE","miscellaneous":""},"schema":{"@context":"https:\/\/schema.org","@graph":[{"@type":"Article","@id":"https:\/\/kreablog.com\/tr\/el-yapimi-aydinlatma-neden-el-isciligi-mukemmelligi-geride-birakir\/#article","name":"El Yap\u0131m\u0131 Ayd\u0131nlatma: Neden El \u0130\u015f\u00e7ili\u011fi M\u00fckemmelli\u011fi Geride B\u0131rak\u0131r?","headline":"El Yap\u0131m\u0131 Ayd\u0131nlatma: Neden El \u0130\u015f\u00e7ili\u011fi M\u00fckemmelli\u011fi Geride B\u0131rak\u0131r?","author":{"@id":"https:\/\/kreablog.com\/tr\/author\/kreablog02\/#author"},"publisher":{"@id":"https:\/\/kreablog.com\/tr\/#organization"},"image":{"@type":"ImageObject","url":"https:\/\/kreablog.com\/wp-content\/uploads\/2026\/08\/handmade-lighting-why-craft-beats-perfection-cover.jpg","width":1024,"height":576,"caption":"G\u00fcne\u015f \u0131\u015f\u0131\u011f\u0131 alan ah\u015fap bir masan\u0131n \u00fczerinde, bej renkli abajurlu ah\u015fap masa lambas\u0131."},"datePublished":"2026-08-20T06:02:52+03:00","dateModified":"2026-08-20T06:02:52+03:00","inLanguage":"tr-TR","mainEntityOfPage":{"@id":"https:\/\/kreablog.com\/tr\/el-yapimi-aydinlatma-neden-el-isciligi-mukemmelligi-geride-birakir\/#webpage"},"isPartOf":{"@id":"https:\/\/kreablog.com\/tr\/el-yapimi-aydinlatma-neden-el-isciligi-mukemmelligi-geride-birakir\/#webpage"},"articleSection":"Tasar\u0131m, Optional"},{"@type":"BreadcrumbList","@id":"https:\/\/kreablog.com\/tr\/el-yapimi-aydinlatma-neden-el-isciligi-mukemmelligi-geride-birakir\/#breadcrumblist","itemListElement":[{"@type":"ListItem","@id":"https:\/\/kreablog.com\/tr\/#listItem","position":1,"name":"Home","item":"https:\/\/kreablog.com\/tr\/","nextItem":{"@type":"ListItem","@id":"https:\/\/kreablog.com\/tr\/kategori\/tasarim\/#listItem","name":"Tasar\u0131m"}},{"@type":"ListItem","@id":"https:\/\/kreablog.com\/tr\/kategori\/tasarim\/#listItem","position":2,"name":"Tasar\u0131m","item":"https:\/\/kreablog.com\/tr\/kategori\/tasarim\/","nextItem":{"@type":"ListItem","@id":"https:\/\/kreablog.com\/tr\/el-yapimi-aydinlatma-neden-el-isciligi-mukemmelligi-geride-birakir\/#listItem","name":"El Yap\u0131m\u0131 Ayd\u0131nlatma: Neden El \u0130\u015f\u00e7ili\u011fi M\u00fckemmelli\u011fi Geride B\u0131rak\u0131r?"},"previousItem":{"@type":"ListItem","@id":"https:\/\/kreablog.com\/tr\/#listItem","name":"Home"}},{"@type":"ListItem","@id":"https:\/\/kreablog.com\/tr\/el-yapimi-aydinlatma-neden-el-isciligi-mukemmelligi-geride-birakir\/#listItem","position":3,"name":"El Yap\u0131m\u0131 Ayd\u0131nlatma: Neden El \u0130\u015f\u00e7ili\u011fi M\u00fckemmelli\u011fi Geride B\u0131rak\u0131r?","previousItem":{"@type":"ListItem","@id":"https:\/\/kreablog.com\/tr\/kategori\/tasarim\/#listItem","name":"Tasar\u0131m"}}]},{"@type":"Organization","@id":"https:\/\/kreablog.com\/tr\/#organization","name":"KREAblog | Creative News","description":"As a blogging platform focused on creativity and discovery, we take our name from the words KREA and blog. Just like KREABAZ \ud83d\ude0a Here we want to live a fun and discovery-filled adventure in the magical world of words and share it with you. We aim to convey every news and development to you in our own language in a simple and clear way without pushing the limits of language. We offer an inspiring environment for you to discover the richness of language. KREAblog, the center of creative ideas and developments, looks forward to accompanying you in the magical world of language.","url":"https:\/\/kreablog.com\/tr\/","email":"info@kreablog.com","telephone":"+90 212 982 38 23","foundingDate":"2019-04-13","numberOfEmployees":{"@type":"QuantitativeValue","value":1},"logo":{"@type":"ImageObject","url":"https:\/\/kreablog.com\/wp-content\/uploads\/2024\/01\/logo-KREAblog-500.png","@id":"https:\/\/kreablog.com\/tr\/el-yapimi-aydinlatma-neden-el-isciligi-mukemmelligi-geride-birakir\/#organizationLogo","width":500,"height":114},"image":{"@id":"https:\/\/kreablog.com\/tr\/el-yapimi-aydinlatma-neden-el-isciligi-mukemmelligi-geride-birakir\/#organizationLogo"},"sameAs":["https:\/\/www.facebook.com\/kreablogcom","https:\/\/x.com\/keablogcom"]},{"@type":"Person","@id":"https:\/\/kreablog.com\/tr\/author\/kreablog02\/#author","url":"https:\/\/kreablog.com\/tr\/author\/kreablog02\/","name":"KREAblog02","image":{"@type":"ImageObject","@id":"https:\/\/kreablog.com\/tr\/el-yapimi-aydinlatma-neden-el-isciligi-mukemmelligi-geride-birakir\/#authorImage","url":"https:\/\/secure.gravatar.com\/avatar\/5df34909f4231c9add99b4202a08556ecd38a73455212f63a9f5a31f4237c574?s=96&d=mm&r=g","width":96,"height":96,"caption":"KREAblog02"}},{"@type":"WebPage","@id":"https:\/\/kreablog.com\/tr\/el-yapimi-aydinlatma-neden-el-isciligi-mukemmelligi-geride-birakir\/#webpage","url":"https:\/\/kreablog.com\/tr\/el-yapimi-aydinlatma-neden-el-isciligi-mukemmelligi-geride-birakir\/","name":"El Yap\u0131m\u0131 Ayd\u0131nlatma: Neden El \u0130\u015f\u00e7ili\u011fi M\u00fckemmelli\u011fi Geride B\u0131rak\u0131r?","description":"El yap\u0131m\u0131 ayd\u0131nlatma, modern mekanlara s\u0131cakl\u0131k ve ruh katar. Kusursuz, fabrikada \u00fcretilmi\u015f tasar\u0131m par\u00e7alar\u0131n\u0131n yerine neden kusurlu el i\u015f\u00e7ili\u011finin tercih edildi\u011fini ke\u015ffedin.","inLanguage":"tr-TR","isPartOf":{"@id":"https:\/\/kreablog.com\/tr\/#website"},"breadcrumb":{"@id":"https:\/\/kreablog.com\/tr\/el-yapimi-aydinlatma-neden-el-isciligi-mukemmelligi-geride-birakir\/#breadcrumblist"},"author":{"@id":"https:\/\/kreablog.com\/tr\/author\/kreablog02\/#author"},"creator":{"@id":"https:\/\/kreablog.com\/tr\/author\/kreablog02\/#author"},"image":{"@type":"ImageObject","url":"https:\/\/kreablog.com\/wp-content\/uploads\/2026\/08\/handmade-lighting-why-craft-beats-perfection-cover.jpg","@id":"https:\/\/kreablog.com\/tr\/el-yapimi-aydinlatma-neden-el-isciligi-mukemmelligi-geride-birakir\/#mainImage","width":1024,"height":576,"caption":"G\u00fcne\u015f \u0131\u015f\u0131\u011f\u0131 alan ah\u015fap bir masan\u0131n \u00fczerinde, bej renkli abajurlu ah\u015fap masa lambas\u0131."},"primaryImageOfPage":{"@id":"https:\/\/kreablog.com\/tr\/el-yapimi-aydinlatma-neden-el-isciligi-mukemmelligi-geride-birakir\/#mainImage"},"datePublished":"2026-08-20T06:02:52+03:00","dateModified":"2026-08-20T06:02:52+03:00"},{"@type":"WebSite","@id":"https:\/\/kreablog.com\/tr\/#website","url":"https:\/\/kreablog.com\/tr\/","name":"KREAblog | Creative News","description":"Next Generation Blog for World News","inLanguage":"tr-TR","publisher":{"@id":"https:\/\/kreablog.com\/tr\/#organization"}}]},"og:locale":"tr_TR","og:site_name":"KREAblog | Creative News","og:type":"article","og:title":"El Yap\u0131m\u0131 Ayd\u0131nlatma: Neden El \u0130\u015f\u00e7ili\u011fi M\u00fckemmelli\u011fi Geride B\u0131rak\u0131r?","og:description":"El yap\u0131m\u0131 ayd\u0131nlatma, modern mekanlara s\u0131cakl\u0131k ve ruh katar. Kusursuz, fabrikada \u00fcretilmi\u015f tasar\u0131m par\u00e7alar\u0131n\u0131n yerine neden kusurlu el i\u015f\u00e7ili\u011finin tercih edildi\u011fini ke\u015ffedin.","og:url":"https:\/\/kreablog.com\/tr\/el-yapimi-aydinlatma-neden-el-isciligi-mukemmelligi-geride-birakir\/","og:image":"https:\/\/kreablog.com\/wp-content\/uploads\/2023\/12\/logo-KREAblog-500.png","og:image:secure_url":"https:\/\/kreablog.com\/wp-content\/uploads\/2023\/12\/logo-KREAblog-500.png","og:image:width":500,"og:image:height":114,"article:published_time":"2026-08-20T03:02:52+00:00","article:modified_time":"2026-08-20T03:02:52+00:00","article:publisher":"https:\/\/www.facebook.com\/kreablogcom","twitter:card":"summary_large_image","twitter:site":"@keablogcom","twitter:title":"El Yap\u0131m\u0131 Ayd\u0131nlatma: Neden El \u0130\u015f\u00e7ili\u011fi M\u00fckemmelli\u011fi Geride B\u0131rak\u0131r?","twitter:description":"El yap\u0131m\u0131 ayd\u0131nlatma, modern mekanlara s\u0131cakl\u0131k ve ruh katar. Kusursuz, fabrikada \u00fcretilmi\u015f tasar\u0131m par\u00e7alar\u0131n\u0131n yerine neden kusurlu el i\u015f\u00e7ili\u011finin tercih edildi\u011fini ke\u015ffedin.","twitter:creator":"@keablogcom","twitter:image":"https:\/\/kreablog.com\/wp-content\/uploads\/2023\/12\/logo-KREAblog-500.png","twitter:label1":"Written by","twitter:data1":"KREAblog02","twitter:label2":"Est. reading time","twitter:data2":"5 minutes"},"aioseo_meta_data":{"post_id":"12173","title":"El Yap\u0131m\u0131 Ayd\u0131nlatma: Neden El \u0130\u015f\u00e7ili\u011fi M\u00fckemmelli\u011fi Geride B\u0131rak\u0131r?","description":"El yap\u0131m\u0131 ayd\u0131nlatma, modern mekanlara s\u0131cakl\u0131k ve ruh katar. Kusursuz, fabrikada \u00fcretilmi\u015f tasar\u0131m par\u00e7alar\u0131n\u0131n yerine neden kusurlu el i\u015f\u00e7ili\u011finin tercih edildi\u011fini ke\u015ffedin.","keywords":null,"keyphrases":{"focus":{"keyphrase":"Handmade lighting","score":97},"additional":[]},"primary_term":null,"canonical_url":null,"og_title":"El Yap\u0131m\u0131 Ayd\u0131nlatma: Neden El \u0130\u015f\u00e7ili\u011fi M\u00fckemmelli\u011fi Geride B\u0131rak\u0131r?","og_description":"El yap\u0131m\u0131 ayd\u0131nlatma, modern mekanlara s\u0131cakl\u0131k ve ruh katar. Kusursuz, fabrikada \u00fcretilmi\u015f tasar\u0131m par\u00e7alar\u0131n\u0131n yerine neden kusurlu el i\u015f\u00e7ili\u011finin tercih edildi\u011fini ke\u015ffedin.","og_object_type":"default","og_image_type":"default","og_image_url":null,"og_image_width":null,"og_image_height":null,"og_image_custom_url":null,"og_image_custom_fields":null,"og_video":"","og_custom_url":null,"og_article_section":null,"og_article_tags":null,"twitter_use_og":false,"twitter_card":"default","twitter_image_type":"default","twitter_image_url":null,"twitter_image_custom_url":null,"twitter_image_custom_fields":null,"twitter_title":"El Yap\u0131m\u0131 Ayd\u0131nlatma: Neden El \u0130\u015f\u00e7ili\u011fi M\u00fckemmelli\u011fi Geride B\u0131rak\u0131r?","twitter_description":"El yap\u0131m\u0131 ayd\u0131nlatma, modern mekanlara s\u0131cakl\u0131k ve ruh katar. Kusursuz, fabrikada \u00fcretilmi\u015f tasar\u0131m par\u00e7alar\u0131n\u0131n yerine neden kusurlu el i\u015f\u00e7ili\u011finin tercih edildi\u011fini ke\u015ffedin.","schema":{"blockGraphs":[],"customGraphs":[],"default":{"data":{"Article":[],"Course":[],"Dataset":[],"FAQPage":[],"Movie":[],"Person":[],"Product":[],"ProductReview":[],"Car":[],"Recipe":[],"Service":[],"SoftwareApplication":[],"WebPage":[]},"graphName":"Article","isEnabled":true},"graphs":[]},"schema_type":"default","schema_type_options":null,"pillar_content":false,"robots_default":true,"robots_noindex":false,"robots_noarchive":false,"robots_nosnippet":false,"robots_nofollow":false,"robots_noimageindex":false,"robots_noodp":false,"robots_notranslate":false,"robots_max_snippet":"-1","robots_max_videopreview":"-1","robots_max_imagepreview":"large","priority":null,"frequency":"default","local_seo":null,"seo_analyzer_scan_date":"2026-08-24 07:34:59","breadcrumb_settings":null,"limit_modified_date":false,"open_ai":null,"ai":{"faqs":[],"keyPoints":[],"schemas":[],"titles":[],"descriptions":[],"socialPosts":{"email":{"subject":"","preview":"","content":""},"linkedin":[],"twitter":[],"facebook":[],"instagram":[]}},"created":"2026-08-24 07:38:26","updated":"2026-08-24 07:38:26","focus_keyword":"Handmade lighting","additional_keywords":null,"truseo_locale":null},"aioseo_breadcrumb":"<div class=\"aioseo-breadcrumbs\"><span class=\"aioseo-breadcrumb\">\n\t<a href=\"https:\/\/kreablog.com\/tr\/\" title=\"Home\">Home<\/a>\n<\/span><span class=\"aioseo-breadcrumb-separator\">&raquo;<\/span><span class=\"aioseo-breadcrumb\">\n\t<a href=\"https:\/\/kreablog.com\/tr\/kategori\/tasarim\/\" title=\"Tasar\u0131m\">Tasar\u0131m<\/a>\n<\/span><span class=\"aioseo-breadcrumb-separator\">&raquo;<\/span><span class=\"aioseo-breadcrumb\">\n\tEl Yap\u0131m\u0131 Ayd\u0131nlatma: Neden El \u0130\u015f\u00e7ili\u011fi M\u00fckemmelli\u011fi Geride B\u0131rak\u0131r?\n<\/span><\/div>","aioseo_breadcrumb_json":[{"label":"Home","link":"https:\/\/kreablog.com\/tr\/"},{"label":"Tasar\u0131m","link":"https:\/\/kreablog.com\/tr\/kategori\/tasarim\/"},{"label":"El Yap\u0131m\u0131 Ayd\u0131nlatma: Neden El \u0130\u015f\u00e7ili\u011fi M\u00fckemmelli\u011fi Geride B\u0131rak\u0131r?","link":"https:\/\/kreablog.com\/tr\/el-yapimi-aydinlatma-neden-el-isciligi-mukemmelligi-geride-birakir\/"}],"_links":{"self":[{"href":"https:\/\/kreablog.com\/tr\/wp-json\/wp\/v2\/posts\/12173","targetHints":{"allow":["GET"]}}],"collection":[{"href":"https:\/\/kreablog.com\/tr\/wp-json\/wp\/v2\/posts"}],"about":[{"href":"https:\/\/kreablog.com\/tr\/wp-json\/wp\/v2\/types\/post"}],"author":[{"embeddable":true,"href":"https:\/\/kreablog.com\/tr\/wp-json\/wp\/v2\/users\/5"}],"replies":[{"embeddable":true,"href":"https:\/\/kreablog.com\/tr\/wp-json\/wp\/v2\/comments?post=12173"}],"version-history":[{"count":0,"href":"https:\/\/kreablog.com\/tr\/wp-json\/wp\/v2\/posts\/12173\/revisions"}],"wp:featuredmedia":[{"embeddable":true,"href":"https:\/\/kreablog.com\/tr\/wp-json\/wp\/v2\/media\/12172"}],"wp:attachment":[{"href":"https:\/\/kreablog.com\/tr\/wp-json\/wp\/v2\/media?parent=12173"}],"wp:term":[{"taxonomy":"category","embeddable":true,"href":"https:\/\/kreablog.com\/tr\/wp-json\/wp\/v2\/categories?post=12173"},{"taxonomy":"post_tag","embeddable":true,"href":"https:\/\/kreablog.com\/tr\/wp-json\/wp\/v2\/tags?post=12173"}],"curies":[{"name":"wp","href":"https:\/\/api.w.org\/{rel}","templated":true}]}}