{"id":2430,"date":"2024-02-12T10:57:55","date_gmt":"2024-02-12T07:57:55","guid":{"rendered":"https:\/\/kreablog.com\/meta-yapay-zeka-ile-olusturulan-gorselleri-desifre-edecek\/"},"modified":"2025-03-28T20:22:21","modified_gmt":"2025-03-28T17:22:21","slug":"meta-yapay-zeka-ile-olusturulan-gorselleri-desifre-edecek","status":"publish","type":"post","link":"https:\/\/kreablog.com\/tr\/meta-yapay-zeka-ile-olusturulan-gorselleri-desifre-edecek\/","title":{"rendered":"Meta Yapay Zek\u00e2 ile Olu\u015fturulan G\u00f6rselleri De\u015fifre Edecek"},"content":{"rendered":"\t\t<div data-elementor-type=\"wp-post\" data-elementor-id=\"2430\" class=\"elementor elementor-2430 elementor-2416\">\n\t\t\t\t<div class=\"elementor-element elementor-element-1caba4e e-flex e-con-boxed e-con e-parent\" data-id=\"1caba4e\" data-element_type=\"container\" data-e-type=\"container\">\n\t\t\t\t\t<div class=\"e-con-inner\">\n\t\t\t\t<div class=\"elementor-element elementor-element-2553179 elementor-widget elementor-widget-text-editor\" data-id=\"2553179\" data-element_type=\"widget\" data-e-type=\"widget\" data-widget_type=\"text-editor.default\">\n\t\t\t\t<div class=\"elementor-widget-container\">\n\t\t\t\t\t\t\t\t\t<p>Meta platformu, Facebook ve Instagram gibi pop\u00fcler sosyal medya platformlar\u0131nda \u00f6nemli ad\u0131mlar atacak.\u00a0 Firma, yapay zek\u00e2 taraf\u0131ndan \u00fcretilerek payla\u015f\u0131lan g\u00f6rsellerin etiketlenmesini sa\u011flayacak . \u015eirketin payla\u015ft\u0131\u011f\u0131 bilgilere g\u00f6re s\u00fcre\u00e7 \u015f\u00f6yle olacak. Meta \u00f6n\u00fcm\u00fczdeki aylarda\u00a0 Facebook ve Instagram&#8217;da yapay zek\u00e2 taraf\u0131ndan \u00fcretilen g\u00f6rselleri etiketlemeye ba\u015flayacak. Bu ad\u0131m, kullan\u0131c\u0131lar\u0131 i\u00e7eri\u011fin ger\u00e7ekli\u011fi konusunda bilgilendirerek \u015feffafl\u0131\u011f\u0131 art\u0131rmay\u0131 ama\u00e7l\u0131yor.<\/p><p>Meta&#8217;n\u0131n K\u00fcresel \u0130li\u015fkiler Ba\u015fkan\u0131 Nick Clegg&#8217;in a\u00e7\u0131klamalar\u0131na g\u00f6re, \u015firket yapay zek\u00e2 i\u00e7eri\u011fin tespit edilmesi i\u00e7in end\u00fcstri partnerleriyle birlikte \u00e7al\u0131\u015farak ortak tespit standartlar\u0131 geli\u015ftirmek istiyor. \u015eirketin \u015fu anda kendi yapay zek\u00e2 ara\u00e7lar\u0131yla \u00fcretilen i\u00e7erikleri etiketledi\u011fi bilinmekte. Ancak Meta, ba\u015fka \u015firketler taraf\u0131ndan \u00fcretilen i\u00e7erikleri de etiketlemeyi hedefliyor. Adobe, Google, Microsoft, Midjourney, OpenAI ve Shutterstock gibi \u015firketler, bu etiketleme s\u00fcrecinin hayata ge\u00e7mesi i\u00e7in kendi yapay zeka ara\u00e7lar\u0131yla \u00fcretilen g\u00f6rsellere metadata eklemeyi planl\u0131yor.<\/p>\t\t\t\t\t\t\t\t<\/div>\n\t\t\t\t<\/div>\n\t\t\t\t\t<\/div>\n\t\t\t\t<\/div>\n\t\t<div class=\"elementor-element elementor-element-cfad1f1 e-flex e-con-boxed e-con e-parent\" data-id=\"cfad1f1\" data-element_type=\"container\" data-e-type=\"container\">\n\t\t\t\t\t<div class=\"e-con-inner\">\n\t\t\t\t<div class=\"elementor-element elementor-element-e9068d8 elementor-widget elementor-widget-text-editor\" data-id=\"e9068d8\" data-element_type=\"widget\" data-e-type=\"widget\" data-widget_type=\"text-editor.default\">\n\t\t\t\t<div class=\"elementor-widget-container\">\n\t\t\t\t\t\t\t\t\t<h2><strong>Instagram \u2013 Facebook ve Yapay Zek\u00e2<\/strong><\/h2>\n\t\t\t\t\t\t\t\t<\/div>\n\t\t\t\t<\/div>\n\t\t\t\t\t<\/div>\n\t\t\t\t<\/div>\n\t\t<div class=\"elementor-element elementor-element-9ba1fc1 e-flex e-con-boxed e-con e-parent\" data-id=\"9ba1fc1\" data-element_type=\"container\" data-e-type=\"container\">\n\t\t\t\t\t<div class=\"e-con-inner\">\n\t\t<div class=\"elementor-element elementor-element-9952c96 e-con-full e-flex e-con e-child\" data-id=\"9952c96\" data-element_type=\"container\" data-e-type=\"container\">\n\t\t\t\t<div class=\"elementor-element elementor-element-f85d45b elementor-widget elementor-widget-text-editor\" data-id=\"f85d45b\" data-element_type=\"widget\" data-e-type=\"widget\" data-widget_type=\"text-editor.default\">\n\t\t\t\t<div class=\"elementor-widget-container\">\n\t\t\t\t\t\t\t\t\tMeta&#8217;n\u0131n bu ad\u0131m\u0131, \u00f6zellikle yapay zek\u00e2 taraf\u0131ndan \u00fcretilen i\u00e7eriklerin do\u011frulu\u011funu sa\u011flamak ve kullan\u0131c\u0131lar\u0131n g\u00fcvenli\u011fini art\u0131rmak ad\u0131na \u00f6nem ta\u015f\u0131yor. \u00d6zellikle, \u015firketin manip\u00fcle edilmi\u015f medya konusundaki tutars\u0131z politikalar\u0131n\u0131n ele\u015ftirilmesinin ard\u0131ndan bu hamlenin dikkat \u00e7ekici oldu\u011fu belirtilmekte.\r\n\r\nAyr\u0131ca, <a title=\"Meta, Yapay Genel Zek\u00e2 (AGI) Olu\u015fturma Yar\u0131\u015f\u0131na Dahil Oluyor\" href=\"https:\/\/kreablog.com\/tr\/meta-yapay-genel-zeka-agi-olusturma-yarisina-dahil-oluyor\/\" target=\"_blank\" rel=\"noopener\">Meta<\/a> daha \u00f6nce yapay zek\u00e2 taraf\u0131ndan \u00fcretilen i\u00e7erikleri denetlemeyi se\u00e7im d\u00f6nemlerinde nas\u0131l planlad\u0131\u011f\u0131n\u0131 a\u00e7\u0131klam\u0131\u015ft\u0131. \u015eirket, ge\u00e7mi\u015f uygulamalar\u0131 s\u00fcrd\u00fcrece\u011fini ve yapay zek\u00e2 taraf\u0131ndan \u00fcretilen siyasi reklamlar\u0131 etiketlemeye ba\u015flayaca\u011f\u0131n\u0131 ifade etmi\u015fti. Bu ad\u0131mlar\u0131n se\u00e7im d\u00f6nemlerinde dezenformasyonu engellemede ne kadar etkili olaca\u011f\u0131 ise zamanla g\u00f6zlemlenecek.\t\t\t\t\t\t\t\t<\/div>\n\t\t\t\t<\/div>\n\t\t\t\t<\/div>\n\t\t<div class=\"elementor-element elementor-element-b9daa57 e-con-full e-flex e-con e-child\" data-id=\"b9daa57\" data-element_type=\"container\" data-e-type=\"container\">\n\t\t\t\t<div class=\"elementor-element elementor-element-756ccd4 elementor-widget elementor-widget-image\" data-id=\"756ccd4\" data-element_type=\"widget\" data-e-type=\"widget\" data-widget_type=\"image.default\">\n\t\t\t\t<div class=\"elementor-widget-container\">\n\t\t\t\t\t\t\t\t\t\t\t\t\t\t\t<img fetchpriority=\"high\" decoding=\"async\" width=\"933\" height=\"800\" src=\"https:\/\/kreablog.com\/wp-content\/uploads\/2024\/02\/meta-to-decipher-artificial-intelligence-generated-Images-2.jpg\" class=\"attachment-large size-large wp-image-2421\" alt=\"Meta to Decipher Artificial Intelligence Generated Images 2\" srcset=\"https:\/\/kreablog.com\/wp-content\/uploads\/2024\/02\/meta-to-decipher-artificial-intelligence-generated-Images-2.jpg 933w, https:\/\/kreablog.com\/wp-content\/uploads\/2024\/02\/meta-to-decipher-artificial-intelligence-generated-Images-2-300x257.jpg 300w, https:\/\/kreablog.com\/wp-content\/uploads\/2024\/02\/meta-to-decipher-artificial-intelligence-generated-Images-2-768x659.jpg 768w, https:\/\/kreablog.com\/wp-content\/uploads\/2024\/02\/meta-to-decipher-artificial-intelligence-generated-Images-2-750x643.jpg 750w\" sizes=\"(max-width: 933px) 100vw, 933px\" \/>\t\t\t\t\t\t\t\t\t\t\t\t\t\t\t<\/div>\n\t\t\t\t<\/div>\n\t\t\t\t<\/div>\n\t\t\t\t\t<\/div>\n\t\t\t\t<\/div>\n\t\t<div class=\"elementor-element elementor-element-0abc1a5 e-flex e-con-boxed e-con e-parent\" data-id=\"0abc1a5\" data-element_type=\"container\" data-e-type=\"container\">\n\t\t\t\t\t<div class=\"e-con-inner\">\n\t\t\t\t<div class=\"elementor-element elementor-element-e04e49c elementor-widget elementor-widget-text-editor\" data-id=\"e04e49c\" data-element_type=\"widget\" data-e-type=\"widget\" data-widget_type=\"text-editor.default\">\n\t\t\t\t<div class=\"elementor-widget-container\">\n\t\t\t\t\t\t\t\t\t<h2><strong>Imagined with AI <\/strong><\/h2><p>Meta&#8217;n\u0131n yeni yakla\u015f\u0131m\u0131yla, yapay zek\u00e2 taraf\u0131ndan \u00fcretilen i\u00e7eriklerin do\u011frulu\u011fu ve \u015feffafl\u0131\u011f\u0131 konusundaki endi\u015felerin azalt\u0131lmas\u0131 hedefleniyor. Instagram ve Facebook kullan\u0131c\u0131lar\u0131n\u0131n i\u00e7eri\u011fin yapay zek\u00e2 taraf\u0131ndan \u00fcretildi\u011fini anlamalar\u0131 olduk\u00e7a \u00f6nemli. Meta bu konuda yard\u0131mc\u0131 olmak i\u00e7in &#8220;<a title=\"Imagined with AI\" href=\"https:\/\/about.fb.com\/news\/2024\/02\/labeling-ai-generated-images-on-facebook-instagram-and-threads\/\" target=\"_blank\" rel=\"noopener\"><span style=\"color: #333399;\"><strong>Imagined with AI<\/strong><\/span><\/a>&#8221; etiketlerini kulland\u0131racak. Ayr\u0131ca end\u00fcstri ortaklar\u0131yla i\u015f birli\u011fi yaparak ortak tespit standartlar\u0131 geli\u015ftirmeye devam edecek.<\/p><p>Bu yakla\u015f\u0131m, yapay zek\u00e2 taraf\u0131ndan \u00fcretilen i\u00e7eriklerin artt\u0131\u011f\u0131 g\u00fcn\u00fcm\u00fczde olduk\u00e7a anlaml\u0131. \u00c7\u00fcnk\u00fc internet ortam\u0131nda ai kullan\u0131m\u0131 yayg\u0131n hale geldik\u00e7e, kullan\u0131c\u0131lar\u0131n i\u00e7eri\u011fin do\u011frulu\u011funu anlamas\u0131 da zorla\u015f\u0131yor. Kullan\u0131c\u0131lar\u0131n bu konuda g\u00fcvende hissetmelerini sa\u011flamak ad\u0131na \u00f6nemli bir ad\u0131m olarak de\u011ferlendirilebilir.<\/p>\t\t\t\t\t\t\t\t<\/div>\n\t\t\t\t<\/div>\n\t\t\t\t<div class=\"elementor-element elementor-element-12007ad elementor-widget elementor-widget-text-editor\" data-id=\"12007ad\" data-element_type=\"widget\" data-e-type=\"widget\" data-widget_type=\"text-editor.default\">\n\t\t\t\t<div class=\"elementor-widget-container\">\n\t\t\t\t\t\t\t\t\t<h3><strong>Meta ve Yapay Zek\u00e2<\/strong><\/h3><p>Meta&#8217;n\u0131n yapay zek\u00e2 taraf\u0131ndan \u00fcretilen i\u00e7eriklerin etiketlenmesi olduk\u00e7a \u00f6nemli. Bu konudaki ad\u0131mlar, internet ortam\u0131nda do\u011fru bilgiye eri\u015fimi art\u0131rmay\u0131 ama\u00e7l\u0131yor. Bu yakla\u015f\u0131m, kullan\u0131c\u0131lar\u0131n i\u00e7eriklerin yapay zek\u00e2 taraf\u0131ndan \u00fcretilip \u00fcretilmedi\u011fini anlamalar\u0131na yard\u0131mc\u0131 olacak. Ayr\u0131ca \u015feffafl\u0131\u011f\u0131 ve g\u00fcvenilirli\u011fi art\u0131r\u0131yor. \u015eirketin yapt\u0131\u011f\u0131 bu hamle, yapay zek\u00e2 teknolojisinin do\u011fru ve g\u00fcvenli \u015fekilde kullan\u0131lmas\u0131 i\u00e7in \u00f6nemli. \u00dcstelik Meta end\u00fcstri partnerleriyle birlikte \u00e7al\u0131\u015farak ortak tespit standartlar\u0131 da geli\u015ftiriyor. B\u00f6ylece nu alanda sekt\u00f6rel bir standart olu\u015fturulmas\u0131na katk\u0131 sa\u011fl\u0131yor. Bu sayede, yapay zek\u00e2 taraf\u0131ndan \u00fcretilen i\u00e7eriklerin do\u011frulu\u011fu ve g\u00fcvenilirli\u011fi konusundaki endi\u015felerin azalt\u0131lmas\u0131 hedefleniyor.<\/p>\t\t\t\t\t\t\t\t<\/div>\n\t\t\t\t<\/div>\n\t\t\t\t\t<\/div>\n\t\t\t\t<\/div>\n\t\t\t\t<\/div>\n\t\t","protected":false},"excerpt":{"rendered":"<p>Meta platformu, Facebook ve Instagram gibi pop\u00fcler sosyal medya platformlar\u0131nda \u00f6nemli ad\u0131mlar atacak.\u00a0 Firma, yapay zek\u00e2 taraf\u0131ndan \u00fcretilerek payla\u015f\u0131lan g\u00f6rsellerin etiketlenmesini sa\u011flayacak . \u015eirketin payla\u015ft\u0131\u011f\u0131 bilgilere g\u00f6re s\u00fcre\u00e7 \u015f\u00f6yle olacak. Meta \u00f6n\u00fcm\u00fczdeki aylarda\u00a0 Facebook ve Instagram&#8217;da yapay zek\u00e2 taraf\u0131ndan \u00fcretilen g\u00f6rselleri etiketlemeye ba\u015flayacak. Bu ad\u0131m, kullan\u0131c\u0131lar\u0131 i\u00e7eri\u011fin ger\u00e7ekli\u011fi konusunda bilgilendirerek \u015feffafl\u0131\u011f\u0131 art\u0131rmay\u0131 ama\u00e7l\u0131yor. Meta&#8217;n\u0131n K\u00fcresel [&hellip;]<\/p>\n","protected":false},"author":2,"featured_media":2423,"comment_status":"closed","ping_status":"closed","sticky":false,"template":"","format":"standard","meta":{"_aioseo_title":"","_aioseo_description":"","_aioseo_keyphrases":"","_video_image1":"","_video_image2":"","jnews-multi-image_gallery":[],"jnews_single_post":{"format":"standard"},"jnews_primary_category":[],"jnews_override_counter":[],"footnotes":""},"categories":[109],"tags":[],"class_list":["post-2430","post","type-post","status-publish","format-standard","has-post-thumbnail","hentry","category-marka-reklam"],"aioseo_notices":[],"_links":{"self":[{"href":"https:\/\/kreablog.com\/tr\/wp-json\/wp\/v2\/posts\/2430","targetHints":{"allow":["GET"]}}],"collection":[{"href":"https:\/\/kreablog.com\/tr\/wp-json\/wp\/v2\/posts"}],"about":[{"href":"https:\/\/kreablog.com\/tr\/wp-json\/wp\/v2\/types\/post"}],"author":[{"embeddable":true,"href":"https:\/\/kreablog.com\/tr\/wp-json\/wp\/v2\/users\/2"}],"replies":[{"embeddable":true,"href":"https:\/\/kreablog.com\/tr\/wp-json\/wp\/v2\/comments?post=2430"}],"version-history":[{"count":5,"href":"https:\/\/kreablog.com\/tr\/wp-json\/wp\/v2\/posts\/2430\/revisions"}],"predecessor-version":[{"id":10356,"href":"https:\/\/kreablog.com\/tr\/wp-json\/wp\/v2\/posts\/2430\/revisions\/10356"}],"wp:featuredmedia":[{"embeddable":true,"href":"https:\/\/kreablog.com\/tr\/wp-json\/wp\/v2\/media\/2423"}],"wp:attachment":[{"href":"https:\/\/kreablog.com\/tr\/wp-json\/wp\/v2\/media?parent=2430"}],"wp:term":[{"taxonomy":"category","embeddable":true,"href":"https:\/\/kreablog.com\/tr\/wp-json\/wp\/v2\/categories?post=2430"},{"taxonomy":"post_tag","embeddable":true,"href":"https:\/\/kreablog.com\/tr\/wp-json\/wp\/v2\/tags?post=2430"}],"curies":[{"name":"wp","href":"https:\/\/api.w.org\/{rel}","templated":true}]}}