{"id":7446,"date":"2024-09-09T21:45:16","date_gmt":"2024-09-09T18:45:16","guid":{"rendered":"https:\/\/kreablog.com\/iphone-16-tanitildi\/"},"modified":"2024-09-12T10:25:30","modified_gmt":"2024-09-12T07:25:30","slug":"iphone-16-tanitildi","status":"publish","type":"post","link":"https:\/\/kreablog.com\/tr\/iphone-16-tanitildi\/","title":{"rendered":"iPhone 16 Tan\u0131t\u0131ld\u0131"},"content":{"rendered":"\t\t<div data-elementor-type=\"wp-post\" data-elementor-id=\"7446\" class=\"elementor elementor-7446 elementor-7424\">\n\t\t\t\t<div class=\"elementor-element elementor-element-aa51c02 e-flex e-con-boxed e-con e-parent\" data-id=\"aa51c02\" data-element_type=\"container\" data-e-type=\"container\">\n\t\t\t\t\t<div class=\"e-con-inner\">\n\t\t\t\t<div class=\"elementor-element elementor-element-c0498e0 elementor-widget elementor-widget-text-editor\" data-id=\"c0498e0\" data-element_type=\"widget\" data-e-type=\"widget\" data-widget_type=\"text-editor.default\">\n\t\t\t\t<div class=\"elementor-widget-container\">\n\t\t\t\t\t\t\t\t\t<p>Apple, uzun zamand\u0131r beklenen iPhone 16 serisini resmi olarak tan\u0131tt\u0131. Yeni seride d\u00f6rt model bulunuyor: iPhone 16, iPhone 16 Plus, iPhone 16 Pro ve iPhone 16 Pro Max. Serinin giri\u015f modelleri olan iPhone 16 ve iPhone 16 Plus, ekran boyutu haricinde ayn\u0131 teknik \u00f6zellikleri sunuyor. Apple, iPhone 16 serisiyle yenilikler sunarken, tasar\u0131m a\u00e7\u0131s\u0131ndan \u00f6nceki serilere k\u0131yasla yaln\u0131zca k\u00fc\u00e7\u00fck de\u011fi\u015fiklikler yapt\u0131.<\/p>\n\t\t\t\t\t\t\t\t<\/div>\n\t\t\t\t<\/div>\n\t\t\t\t\t<\/div>\n\t\t\t\t<\/div>\n\t\t<div class=\"elementor-element elementor-element-217196e e-flex e-con-boxed e-con e-parent\" data-id=\"217196e\" data-element_type=\"container\" data-e-type=\"container\">\n\t\t\t\t\t<div class=\"e-con-inner\">\n\t\t<div class=\"elementor-element elementor-element-3155207 e-con-full e-flex e-con e-child\" data-id=\"3155207\" data-element_type=\"container\" data-e-type=\"container\">\n\t\t\t\t<div class=\"elementor-element elementor-element-54a6c79 elementor-widget elementor-widget-image\" data-id=\"54a6c79\" data-element_type=\"widget\" data-e-type=\"widget\" data-widget_type=\"image.default\">\n\t\t\t\t<div class=\"elementor-widget-container\">\n\t\t\t\t\t\t\t\t\t\t\t\t\t\t\t<img fetchpriority=\"high\" decoding=\"async\" width=\"1024\" height=\"640\" src=\"https:\/\/kreablog.com\/wp-content\/uploads\/2024\/09\/iPhone-16-unveiled-2-1024x640.jpg\" class=\"attachment-large size-large wp-image-7431\" alt=\"iPhone 16 Unveiled 2\" srcset=\"https:\/\/kreablog.com\/wp-content\/uploads\/2024\/09\/iPhone-16-unveiled-2-1024x640.jpg 1024w, https:\/\/kreablog.com\/wp-content\/uploads\/2024\/09\/iPhone-16-unveiled-2-300x188.jpg 300w, https:\/\/kreablog.com\/wp-content\/uploads\/2024\/09\/iPhone-16-unveiled-2-768x480.jpg 768w, https:\/\/kreablog.com\/wp-content\/uploads\/2024\/09\/iPhone-16-unveiled-2-750x469.jpg 750w, https:\/\/kreablog.com\/wp-content\/uploads\/2024\/09\/iPhone-16-unveiled-2-1140x713.jpg 1140w, https:\/\/kreablog.com\/wp-content\/uploads\/2024\/09\/iPhone-16-unveiled-2.jpg 1280w\" sizes=\"(max-width: 1024px) 100vw, 1024px\" \/>\t\t\t\t\t\t\t\t\t\t\t\t\t\t\t<\/div>\n\t\t\t\t<\/div>\n\t\t\t\t<\/div>\n\t\t<div class=\"elementor-element elementor-element-ebc139f e-con-full e-flex e-con e-child\" data-id=\"ebc139f\" data-element_type=\"container\" data-e-type=\"container\">\n\t\t\t\t<div class=\"elementor-element elementor-element-e34bae8 elementor-widget elementor-widget-image\" data-id=\"e34bae8\" data-element_type=\"widget\" data-e-type=\"widget\" data-widget_type=\"image.default\">\n\t\t\t\t<div class=\"elementor-widget-container\">\n\t\t\t\t\t\t\t\t\t\t\t\t\t\t\t<img decoding=\"async\" width=\"1024\" height=\"640\" src=\"https:\/\/kreablog.com\/wp-content\/uploads\/2024\/09\/iPhone-16-unveiled-1-1024x640.jpg\" class=\"attachment-large size-large wp-image-7429\" alt=\"iPhone 16 Unveiled\" srcset=\"https:\/\/kreablog.com\/wp-content\/uploads\/2024\/09\/iPhone-16-unveiled-1-1024x640.jpg 1024w, https:\/\/kreablog.com\/wp-content\/uploads\/2024\/09\/iPhone-16-unveiled-1-300x188.jpg 300w, https:\/\/kreablog.com\/wp-content\/uploads\/2024\/09\/iPhone-16-unveiled-1-768x480.jpg 768w, https:\/\/kreablog.com\/wp-content\/uploads\/2024\/09\/iPhone-16-unveiled-1-750x469.jpg 750w, https:\/\/kreablog.com\/wp-content\/uploads\/2024\/09\/iPhone-16-unveiled-1-1140x713.jpg 1140w, https:\/\/kreablog.com\/wp-content\/uploads\/2024\/09\/iPhone-16-unveiled-1.jpg 1280w\" sizes=\"(max-width: 1024px) 100vw, 1024px\" \/>\t\t\t\t\t\t\t\t\t\t\t\t\t\t\t<\/div>\n\t\t\t\t<\/div>\n\t\t\t\t<\/div>\n\t\t\t\t\t<\/div>\n\t\t\t\t<\/div>\n\t\t<div class=\"elementor-element elementor-element-9658c7c e-flex e-con-boxed e-con e-parent\" data-id=\"9658c7c\" data-element_type=\"container\" data-e-type=\"container\">\n\t\t\t\t\t<div class=\"e-con-inner\">\n\t\t\t\t<div class=\"elementor-element elementor-element-3b5ea63 elementor-widget elementor-widget-text-editor\" data-id=\"3b5ea63\" data-element_type=\"widget\" data-e-type=\"widget\" data-widget_type=\"text-editor.default\">\n\t\t\t\t<div class=\"elementor-widget-container\">\n\t\t\t\t\t\t\t\t\t<h2><strong>iPhone 16 ve iPhone 16 Plus: Neler Yenilendi?<\/strong><\/h2>\n<p>Tasar\u0131m a\u00e7\u0131s\u0131ndan iPhone 16 ve 16 Plus, iPhone 15 ile b\u00fcy\u00fck oranda benzer. En dikkat \u00e7ekici de\u011fi\u015fiklik ise arka kamera d\u00fczeninde. Apple, iPhone 11\u2019den bu yana kare kamera blo\u011funu tercih ediyordu, ancak iPhone 16\u2019da bu blo\u011fu k\u00fc\u00e7\u00fcltt\u00fc ve iki lensi dikey \u015fekilde konumland\u0131rd\u0131. Yeni seride LED fla\u015f ise bu blo\u011fun d\u0131\u015f\u0131na ta\u015f\u0131nd\u0131. Ayr\u0131ca, sadece Pro modellerde bulunan &#8220;Eylem D\u00fc\u011fmesi&#8221; art\u0131k iPhone 16 ve 16 Plus modellerinde de yer al\u0131yor. Yeni eklenen &#8220;Yakalama Tu\u015fu&#8221; ise \u00f6zellikle foto\u011fraf \u00e7ekerken kullan\u0131c\u0131lara daha pratik bir deneyim sunuyor. Beyaz, siyah, mavi (ultramarine), ye\u015fil (teal) ve pembe renk se\u00e7enekleriyle gelen modeller, \u015f\u0131k ve canl\u0131 bir g\u00f6r\u00fcn\u00fcme sahip.<\/p>\n<p>Ekran boyutlar\u0131 ise iPhone 16 i\u00e7in 6,1 in\u00e7, iPhone 16 Plus i\u00e7in ise 6,7 in\u00e7 olarak belirlenmi\u015f. Her iki model de maksimum 2.000 nit parlakl\u0131k sunarken, d\u00fc\u015f\u00fck \u0131\u015f\u0131kta 1 nit&#8217;e kadar inebiliyor. Ancak, Apple\u2019\u0131n ProMotion \u00f6zelli\u011fi bu modellerde bulunmuyor; ekranlar 60Hz yenileme h\u0131z\u0131na sahip.<\/p>\n\t\t\t\t\t\t\t\t<\/div>\n\t\t\t\t<\/div>\n\t\t\t\t\t<\/div>\n\t\t\t\t<\/div>\n\t\t<div class=\"elementor-element elementor-element-732a85b e-flex e-con-boxed e-con e-parent\" data-id=\"732a85b\" data-element_type=\"container\" data-e-type=\"container\">\n\t\t\t\t\t<div class=\"e-con-inner\">\n\t\t\t\t<div class=\"elementor-element elementor-element-250c2d8 elementor-widget elementor-widget-text-editor\" data-id=\"250c2d8\" data-element_type=\"widget\" data-e-type=\"widget\" data-widget_type=\"text-editor.default\">\n\t\t\t\t<div class=\"elementor-widget-container\">\n\t\t\t\t\t\t\t\t\t<h2><strong>iPhone 16 Pro ve Pro Max: G\u00fc\u00e7 ve Performans<\/strong><\/h2>\n<p>Serinin en g\u00fc\u00e7l\u00fc modelleri olan iPhone 16 Pro ve Pro Max, 3 nanometre \u00fcretim teknolojisine sahip A18 Pro i\u015flemcisi ile dikkat \u00e7ekiyor. 4 GHz \u00fczerinde h\u0131za sahip \u00e7ekirdekler ile i\u015flem g\u00fcc\u00fc zirveye \u00e7\u0131kar\u0131lm\u0131\u015f durumda. Bu modeller, \u00f6zellikle performans gerektiren uygulamalarda ve yapay zeka i\u015flemlerinde rakiplerinin \u00f6n\u00fcne ge\u00e7iyor. Pro Max modeli, 6.9 in\u00e7 b\u00fcy\u00fckl\u00fc\u011f\u00fcnde bir ekranla gelirken, ekran-kasa oran\u0131 %92\u2019ye y\u00fckselmi\u015f.<\/p>\n<p>Kamera \u00f6zellikleri de olduk\u00e7a iddial\u0131. 48 MP ana kamera, f\/1.8 diyafram a\u00e7\u0131kl\u0131\u011f\u0131 ve geli\u015fmi\u015f g\u00f6r\u00fcnt\u00fc i\u015fleme \u00f6zellikleri ile profesyonel foto\u011fraf \u00e7ekim deneyimi sunuyor. Apple, \u00f6zellikle d\u00fc\u015f\u00fck \u0131\u015f\u0131kta y\u00fcksek performans vadeden kamera sistemiyle dikkat \u00e7ekiyor.<\/p>\n\t\t\t\t\t\t\t\t<\/div>\n\t\t\t\t<\/div>\n\t\t\t\t\t<\/div>\n\t\t\t\t<\/div>\n\t\t<div class=\"elementor-element elementor-element-79724c9 e-flex e-con-boxed e-con e-parent\" data-id=\"79724c9\" data-element_type=\"container\" data-e-type=\"container\">\n\t\t\t\t\t<div class=\"e-con-inner\">\n\t\t\t\t<div class=\"elementor-element elementor-element-2e04de8 elementor-widget elementor-widget-text-editor\" data-id=\"2e04de8\" data-element_type=\"widget\" data-e-type=\"widget\" data-widget_type=\"text-editor.default\">\n\t\t\t\t<div class=\"elementor-widget-container\">\n\t\t\t\t\t\t\t\t\t<h3><strong>Depolama ve Di\u011fer \u00d6zellikler<\/strong><\/h3>\n<p>Depolama se\u00e7enekleri, iPhone 16 ve 16 Plus modellerinde 128 GB&#8217;dan ba\u015flarken, 256 GB ve 512 GB opsiyonlar\u0131 da sunuluyor. Ayr\u0131ca her iki modelde 8 GB RAM ve yeni NPU destekli A18 \u00e7ipi bulunuyor, bu da Apple Intelligence yapay zek\u00e2 \u00f6zelliklerinin aktif kullan\u0131m\u0131n\u0131 sa\u011fl\u0131yor.<\/p>\n<p>Sonu\u00e7 olarak, iPhone 16 serisi \u00f6zellikle performans, kamera \u00f6zellikleri ve k\u00fc\u00e7\u00fck tasar\u0131m dokunu\u015flar\u0131 ile dikkat \u00e7ekerken, Pro modeller \u00e7ok daha g\u00fc\u00e7l\u00fc i\u015flemci ve geni\u015f ekran se\u00e7enekleri ile profesyonel kullan\u0131c\u0131lara hitap ediyor.<\/p>\n\t\t\t\t\t\t\t\t<\/div>\n\t\t\t\t<\/div>\n\t\t\t\t\t<\/div>\n\t\t\t\t<\/div>\n\t\t<div class=\"elementor-element elementor-element-0e232f5 e-flex e-con-boxed e-con e-parent\" data-id=\"0e232f5\" data-element_type=\"container\" data-e-type=\"container\">\n\t\t\t\t\t<div class=\"e-con-inner\">\n\t\t\t\t<div class=\"elementor-element elementor-element-e9f577a elementor-widget elementor-widget-video\" data-id=\"e9f577a\" data-element_type=\"widget\" data-e-type=\"widget\" data-settings=\"{&quot;youtube_url&quot;:&quot;https:\\\/\\\/www.youtube.com\\\/watch?v=uarNiSl_uh4&quot;,&quot;video_type&quot;:&quot;youtube&quot;,&quot;controls&quot;:&quot;yes&quot;}\" data-widget_type=\"video.default\">\n\t\t\t\t<div class=\"elementor-widget-container\">\n\t\t\t\t\t\t\t<div class=\"elementor-wrapper elementor-open-inline\">\n\t\t\t<div class=\"elementor-video\"><\/div>\t\t<\/div>\n\t\t\t\t\t\t<\/div>\n\t\t\t\t<\/div>\n\t\t\t\t\t<\/div>\n\t\t\t\t<\/div>\n\t\t<div class=\"elementor-element elementor-element-010345e e-flex e-con-boxed e-con e-parent\" data-id=\"010345e\" data-element_type=\"container\" data-e-type=\"container\">\n\t\t\t\t\t<div class=\"e-con-inner\">\n\t\t\t\t<div class=\"elementor-element elementor-element-85d98a5 elementor-widget elementor-widget-html\" data-id=\"85d98a5\" data-element_type=\"widget\" data-e-type=\"widget\" data-widget_type=\"html.default\">\n\t\t\t\t<div class=\"elementor-widget-container\">\n\t\t\t\t\t <amp-youtube width=\"480\" height=\"270\" layout=\"responsive\" data-videoid=\"uarNiSl_uh4\">\r\n<\/amp-youtube>\r\n\t\t\t\t<\/div>\n\t\t\t\t<\/div>\n\t\t\t\t\t<\/div>\n\t\t\t\t<\/div>\n\t\t\t\t<\/div>\n\t\t","protected":false},"excerpt":{"rendered":"<p>Apple, uzun zamand\u0131r beklenen iPhone 16 serisini resmi olarak tan\u0131tt\u0131. Yeni seride d\u00f6rt model bulunuyor: iPhone 16, iPhone 16 Plus, iPhone 16 Pro ve iPhone 16 Pro Max. Serinin giri\u015f modelleri olan iPhone 16 ve iPhone 16 Plus, ekran boyutu haricinde ayn\u0131 teknik \u00f6zellikleri sunuyor. Apple, iPhone 16 serisiyle yenilikler sunarken, tasar\u0131m a\u00e7\u0131s\u0131ndan \u00f6nceki serilere [&hellip;]<\/p>\n","protected":false},"author":2,"featured_media":7442,"comment_status":"closed","ping_status":"closed","sticky":false,"template":"","format":"standard","meta":{"_aioseo_title":"","_aioseo_description":"","_aioseo_keyphrases":"","_video_image1":"","_video_image2":"","jnews-multi-image_gallery":[],"jnews_single_post":[],"jnews_primary_category":[],"jnews_override_counter":[],"footnotes":""},"categories":[109],"tags":[],"class_list":["post-7446","post","type-post","status-publish","format-standard","has-post-thumbnail","hentry","category-marka-reklam"],"aioseo_notices":[],"_links":{"self":[{"href":"https:\/\/kreablog.com\/tr\/wp-json\/wp\/v2\/posts\/7446","targetHints":{"allow":["GET"]}}],"collection":[{"href":"https:\/\/kreablog.com\/tr\/wp-json\/wp\/v2\/posts"}],"about":[{"href":"https:\/\/kreablog.com\/tr\/wp-json\/wp\/v2\/types\/post"}],"author":[{"embeddable":true,"href":"https:\/\/kreablog.com\/tr\/wp-json\/wp\/v2\/users\/2"}],"replies":[{"embeddable":true,"href":"https:\/\/kreablog.com\/tr\/wp-json\/wp\/v2\/comments?post=7446"}],"version-history":[{"count":0,"href":"https:\/\/kreablog.com\/tr\/wp-json\/wp\/v2\/posts\/7446\/revisions"}],"wp:featuredmedia":[{"embeddable":true,"href":"https:\/\/kreablog.com\/tr\/wp-json\/wp\/v2\/media\/7442"}],"wp:attachment":[{"href":"https:\/\/kreablog.com\/tr\/wp-json\/wp\/v2\/media?parent=7446"}],"wp:term":[{"taxonomy":"category","embeddable":true,"href":"https:\/\/kreablog.com\/tr\/wp-json\/wp\/v2\/categories?post=7446"},{"taxonomy":"post_tag","embeddable":true,"href":"https:\/\/kreablog.com\/tr\/wp-json\/wp\/v2\/tags?post=7446"}],"curies":[{"name":"wp","href":"https:\/\/api.w.org\/{rel}","templated":true}]}}