{"id":8783,"date":"2024-12-04T10:28:56","date_gmt":"2024-12-04T07:28:56","guid":{"rendered":"https:\/\/kreablog.com\/elektrikli-dunyanin-yeni-ikonu-jaguar-t-type-00i\/"},"modified":"2024-12-04T19:24:09","modified_gmt":"2024-12-04T16:24:09","slug":"elektrikli-dunyanin-yeni-ikonu-jaguar-t-type-00i","status":"publish","type":"post","link":"https:\/\/kreablog.com\/tr\/elektrikli-dunyanin-yeni-ikonu-jaguar-t-type-00i\/","title":{"rendered":"Elektrikli D\u00fcnyan\u0131n Yeni \u0130konu Jaguar T-Type 00I"},"content":{"rendered":"\t\t<div data-elementor-type=\"wp-post\" data-elementor-id=\"8783\" class=\"elementor elementor-8783 elementor-8760\">\n\t\t\t\t<div class=\"elementor-element elementor-element-32d49ab e-flex e-con-boxed e-con e-parent\" data-id=\"32d49ab\" data-element_type=\"container\" data-e-type=\"container\">\n\t\t\t\t\t<div class=\"e-con-inner\">\n\t\t\t\t<div class=\"elementor-element elementor-element-f4932c4 elementor-widget elementor-widget-text-editor\" data-id=\"f4932c4\" data-element_type=\"widget\" data-e-type=\"widget\" data-widget_type=\"text-editor.default\">\n\t\t\t\t<div class=\"elementor-widget-container\">\n\t\t\t\t\t\t\t\t\t<p>Elektrikli d\u00fcnyan\u0131n yeni ikonu Jaguar T-Type 00I, elektrikli ara\u00e7 d\u00fcnyas\u0131na g\u00fc\u00e7l\u00fc bir giri\u015f yap\u0131yor. T-Type 00I konsept arac\u0131, markan\u0131n teknolojik gelece\u011fe y\u00f6nelik iddias\u0131n\u0131 yans\u0131t\u0131yor. Tasar\u0131m\u0131nda Jaguar\u2019\u0131n klasik sportif \u00e7izgileri ve modern detaylar bir araya geliyor. Bu ara\u00e7, Jaguar\u2019\u0131n sadece ge\u00e7mi\u015fine de\u011fil, gelece\u011fine olan ba\u011fl\u0131l\u0131\u011f\u0131n\u0131 da sergiliyor. T-Type 00I\u2019nin duyurusu, otomotiv sekt\u00f6r\u00fcnde geni\u015f yank\u0131 uyand\u0131rd\u0131. Arac\u0131n tasar\u0131m\u0131 hem nostaljik bir his yarat\u0131yor hem de inovatif bir bak\u0131\u015f a\u00e7\u0131s\u0131 sunuyor. Jaguar, bu konseptiyle elektrikli mobilitenin gelece\u011fini \u015fekillendirmeyi hedefliyor.<\/p>\n\t\t\t\t\t\t\t\t<\/div>\n\t\t\t\t<\/div>\n\t\t\t\t\t<\/div>\n\t\t\t\t<\/div>\n\t\t<div class=\"elementor-element elementor-element-f0bf7b3 e-flex e-con-boxed e-con e-parent\" data-id=\"f0bf7b3\" data-element_type=\"container\" data-e-type=\"container\">\n\t\t\t\t\t<div class=\"e-con-inner\">\n\t\t\t\t<div class=\"elementor-element elementor-element-5b120a6 elementor-widget elementor-widget-text-editor\" data-id=\"5b120a6\" data-element_type=\"widget\" data-e-type=\"widget\" data-widget_type=\"text-editor.default\">\n\t\t\t\t<div class=\"elementor-widget-container\">\n\t\t\t\t\t\t\t\t\t<h2><strong>T-Type 00I\u2019nin Teknolojik Yenilikleri<\/strong><\/h2>\n<p>Jaguar T-Type 00I, elektrikli ara\u00e7 teknolojilerinde bir d\u00f6n\u00fcm noktas\u0131 olmay\u0131 hedefliyor. Geli\u015fmi\u015f batarya teknolojisi sayesinde, uzun menziller ve h\u0131zl\u0131 \u015farj imk\u00e2n\u0131 sunuyor. Arac\u0131n motoru, s\u0131f\u0131r karbon emisyonuyla \u00e7evre dostu bir s\u00fcr\u00fc\u015f deneyimi vadediyor. Ayr\u0131ca, otonom s\u00fcr\u00fc\u015f ve yapay zek\u00e2 tabanl\u0131 g\u00fcvenlik sistemleriyle donat\u0131lm\u0131\u015f. Bu \u00f6zellikler, T-Type 00I\u2019yi hem s\u00fcr\u00fcc\u00fc hem de yolcular i\u00e7in benzersiz bir hale getiriyor. Teknoloji ve estetik, bu ara\u00e7ta m\u00fckemmel bir uyum i\u00e7inde. Jaguar, bu modelle sekt\u00f6r liderleri aras\u0131ndaki yerini g\u00fc\u00e7lendirmek istiyor.<\/p>\n\t\t\t\t\t\t\t\t<\/div>\n\t\t\t\t<\/div>\n\t\t\t\t\t<\/div>\n\t\t\t\t<\/div>\n\t\t<div class=\"elementor-element elementor-element-9d5b0d1 e-flex e-con-boxed e-con e-parent\" data-id=\"9d5b0d1\" data-element_type=\"container\" data-e-type=\"container\">\n\t\t\t\t\t<div class=\"e-con-inner\">\n\t\t<div class=\"elementor-element elementor-element-73934bd e-con-full e-flex e-con e-child\" data-id=\"73934bd\" data-element_type=\"container\" data-e-type=\"container\">\n\t\t\t\t<div class=\"elementor-element elementor-element-915c372 elementor-widget elementor-widget-image\" data-id=\"915c372\" data-element_type=\"widget\" data-e-type=\"widget\" data-widget_type=\"image.default\">\n\t\t\t\t<div class=\"elementor-widget-container\">\n\t\t\t\t\t\t\t\t\t\t\t\t\t\t\t<img fetchpriority=\"high\" decoding=\"async\" width=\"1024\" height=\"640\" src=\"https:\/\/kreablog.com\/wp-content\/uploads\/2024\/12\/the-new-icon-of-the-electric-world-jaguar-t-type00I-6-1024x640.jpg\" class=\"attachment-large size-large wp-image-8771\" alt=\"The New Icon of the Electric World Jaguar T-Type 00I 2\" srcset=\"https:\/\/kreablog.com\/wp-content\/uploads\/2024\/12\/the-new-icon-of-the-electric-world-jaguar-t-type00I-6-1024x640.jpg 1024w, https:\/\/kreablog.com\/wp-content\/uploads\/2024\/12\/the-new-icon-of-the-electric-world-jaguar-t-type00I-6-300x188.jpg 300w, https:\/\/kreablog.com\/wp-content\/uploads\/2024\/12\/the-new-icon-of-the-electric-world-jaguar-t-type00I-6-768x480.jpg 768w, https:\/\/kreablog.com\/wp-content\/uploads\/2024\/12\/the-new-icon-of-the-electric-world-jaguar-t-type00I-6-750x469.jpg 750w, https:\/\/kreablog.com\/wp-content\/uploads\/2024\/12\/the-new-icon-of-the-electric-world-jaguar-t-type00I-6-1140x713.jpg 1140w, https:\/\/kreablog.com\/wp-content\/uploads\/2024\/12\/the-new-icon-of-the-electric-world-jaguar-t-type00I-6.jpg 1280w\" sizes=\"(max-width: 1024px) 100vw, 1024px\" \/>\t\t\t\t\t\t\t\t\t\t\t\t\t\t\t<\/div>\n\t\t\t\t<\/div>\n\t\t\t\t<\/div>\n\t\t<div class=\"elementor-element elementor-element-ef47180 e-con-full e-flex e-con e-child\" data-id=\"ef47180\" data-element_type=\"container\" data-e-type=\"container\">\n\t\t\t\t<div class=\"elementor-element elementor-element-83ebeac elementor-widget elementor-widget-image\" data-id=\"83ebeac\" data-element_type=\"widget\" data-e-type=\"widget\" data-widget_type=\"image.default\">\n\t\t\t\t<div class=\"elementor-widget-container\">\n\t\t\t\t\t\t\t\t\t\t\t\t\t\t\t<img decoding=\"async\" width=\"1024\" height=\"640\" src=\"https:\/\/kreablog.com\/wp-content\/uploads\/2024\/12\/the-new-icon-of-the-electric-world-jaguar-t-type00I-5-1024x640.jpg\" class=\"attachment-large size-large wp-image-8769\" alt=\"The New Icon of the Electric World Jaguar T-Type 00I 3\" srcset=\"https:\/\/kreablog.com\/wp-content\/uploads\/2024\/12\/the-new-icon-of-the-electric-world-jaguar-t-type00I-5-1024x640.jpg 1024w, https:\/\/kreablog.com\/wp-content\/uploads\/2024\/12\/the-new-icon-of-the-electric-world-jaguar-t-type00I-5-300x188.jpg 300w, https:\/\/kreablog.com\/wp-content\/uploads\/2024\/12\/the-new-icon-of-the-electric-world-jaguar-t-type00I-5-768x480.jpg 768w, https:\/\/kreablog.com\/wp-content\/uploads\/2024\/12\/the-new-icon-of-the-electric-world-jaguar-t-type00I-5-750x469.jpg 750w, https:\/\/kreablog.com\/wp-content\/uploads\/2024\/12\/the-new-icon-of-the-electric-world-jaguar-t-type00I-5-1140x713.jpg 1140w, https:\/\/kreablog.com\/wp-content\/uploads\/2024\/12\/the-new-icon-of-the-electric-world-jaguar-t-type00I-5.jpg 1280w\" sizes=\"(max-width: 1024px) 100vw, 1024px\" \/>\t\t\t\t\t\t\t\t\t\t\t\t\t\t\t<\/div>\n\t\t\t\t<\/div>\n\t\t\t\t<\/div>\n\t\t<div class=\"elementor-element elementor-element-581aad8 e-con-full e-flex e-con e-child\" data-id=\"581aad8\" data-element_type=\"container\" data-e-type=\"container\">\n\t\t\t\t<div class=\"elementor-element elementor-element-b0137d2 elementor-widget elementor-widget-image\" data-id=\"b0137d2\" data-element_type=\"widget\" data-e-type=\"widget\" data-widget_type=\"image.default\">\n\t\t\t\t<div class=\"elementor-widget-container\">\n\t\t\t\t\t\t\t\t\t\t\t\t\t\t\t<img decoding=\"async\" width=\"1024\" height=\"640\" src=\"https:\/\/kreablog.com\/wp-content\/uploads\/2024\/12\/the-new-icon-of-the-electric-world-jaguar-t-type00I-4-1024x640.jpg\" class=\"attachment-large size-large wp-image-8767\" alt=\"The New Icon of the Electric World Jaguar T-Type 00I 4\" srcset=\"https:\/\/kreablog.com\/wp-content\/uploads\/2024\/12\/the-new-icon-of-the-electric-world-jaguar-t-type00I-4-1024x640.jpg 1024w, https:\/\/kreablog.com\/wp-content\/uploads\/2024\/12\/the-new-icon-of-the-electric-world-jaguar-t-type00I-4-300x188.jpg 300w, https:\/\/kreablog.com\/wp-content\/uploads\/2024\/12\/the-new-icon-of-the-electric-world-jaguar-t-type00I-4-768x480.jpg 768w, https:\/\/kreablog.com\/wp-content\/uploads\/2024\/12\/the-new-icon-of-the-electric-world-jaguar-t-type00I-4-750x469.jpg 750w, https:\/\/kreablog.com\/wp-content\/uploads\/2024\/12\/the-new-icon-of-the-electric-world-jaguar-t-type00I-4-1140x713.jpg 1140w, https:\/\/kreablog.com\/wp-content\/uploads\/2024\/12\/the-new-icon-of-the-electric-world-jaguar-t-type00I-4.jpg 1280w\" sizes=\"(max-width: 1024px) 100vw, 1024px\" \/>\t\t\t\t\t\t\t\t\t\t\t\t\t\t\t<\/div>\n\t\t\t\t<\/div>\n\t\t\t\t<\/div>\n\t\t<div class=\"elementor-element elementor-element-e6a7eea e-con-full e-flex e-con e-child\" data-id=\"e6a7eea\" data-element_type=\"container\" data-e-type=\"container\">\n\t\t\t\t<div class=\"elementor-element elementor-element-49f63f4 elementor-widget elementor-widget-image\" data-id=\"49f63f4\" data-element_type=\"widget\" data-e-type=\"widget\" data-widget_type=\"image.default\">\n\t\t\t\t<div class=\"elementor-widget-container\">\n\t\t\t\t\t\t\t\t\t\t\t\t\t\t\t<img loading=\"lazy\" decoding=\"async\" width=\"1024\" height=\"640\" src=\"https:\/\/kreablog.com\/wp-content\/uploads\/2024\/12\/the-new-icon-of-the-electric-world-jaguar-t-type00I-3-1024x640.jpg\" class=\"attachment-large size-large wp-image-8765\" alt=\"The New Icon of the Electric World Jaguar T-Type 00I 5\" srcset=\"https:\/\/kreablog.com\/wp-content\/uploads\/2024\/12\/the-new-icon-of-the-electric-world-jaguar-t-type00I-3-1024x640.jpg 1024w, https:\/\/kreablog.com\/wp-content\/uploads\/2024\/12\/the-new-icon-of-the-electric-world-jaguar-t-type00I-3-300x188.jpg 300w, https:\/\/kreablog.com\/wp-content\/uploads\/2024\/12\/the-new-icon-of-the-electric-world-jaguar-t-type00I-3-768x480.jpg 768w, https:\/\/kreablog.com\/wp-content\/uploads\/2024\/12\/the-new-icon-of-the-electric-world-jaguar-t-type00I-3-750x469.jpg 750w, https:\/\/kreablog.com\/wp-content\/uploads\/2024\/12\/the-new-icon-of-the-electric-world-jaguar-t-type00I-3-1140x713.jpg 1140w, https:\/\/kreablog.com\/wp-content\/uploads\/2024\/12\/the-new-icon-of-the-electric-world-jaguar-t-type00I-3.jpg 1280w\" sizes=\"(max-width: 1024px) 100vw, 1024px\" \/>\t\t\t\t\t\t\t\t\t\t\t\t\t\t\t<\/div>\n\t\t\t\t<\/div>\n\t\t\t\t<\/div>\n\t\t\t\t\t<\/div>\n\t\t\t\t<\/div>\n\t\t<div class=\"elementor-element elementor-element-bf6de62 e-flex e-con-boxed e-con e-parent\" data-id=\"bf6de62\" data-element_type=\"container\" data-e-type=\"container\">\n\t\t\t\t\t<div class=\"e-con-inner\">\n\t\t\t\t<div class=\"elementor-element elementor-element-8b0f237 elementor-widget elementor-widget-text-editor\" data-id=\"8b0f237\" data-element_type=\"widget\" data-e-type=\"widget\" data-widget_type=\"text-editor.default\">\n\t\t\t\t<div class=\"elementor-widget-container\">\n\t\t\t\t\t\t\t\t\t<h2><strong>S\u00fcrd\u00fcr\u00fclebilirlikte \u00d6nc\u00fc T-Type 00I\u2019nin \u00c7evresel Duyarl\u0131l\u0131\u011f\u0131<\/strong><\/h2>\n<p>Jaguar, T-Type 00I konseptiyle s\u00fcrd\u00fcr\u00fclebilirlik odakl\u0131 bir yakla\u015f\u0131ma dikkat \u00e7ekiyor. Arac\u0131n \u00fcretiminde, geri d\u00f6n\u00fc\u015ft\u00fcr\u00fclebilir ve \u00e7evre dostu malzemeler tercih edilmi\u015f. Elektrikli motoru, do\u011faya zarar vermeden performans sergilemeyi m\u00fcmk\u00fcn k\u0131l\u0131yor. Bu yakla\u015f\u0131m, Jaguar\u2019\u0131n \u00e7evresel sorumluluklar\u0131n\u0131 ne kadar ciddiye ald\u0131\u011f\u0131n\u0131 g\u00f6steriyor. T-Type 00I, \u00e7evreci teknolojilerle l\u00fcks otomobillerin bir arada bulunabilece\u011fini kan\u0131tl\u0131yor. Ayr\u0131ca, s\u00fcrd\u00fcr\u00fclebilirlik odakl\u0131 yenilikler, Jaguar\u2019\u0131n m\u00fc\u015fteri kitlesine \u00e7evre bilincine sahip bir se\u00e7enek sunmas\u0131n\u0131 sa\u011fl\u0131yor.<\/p>\n\t\t\t\t\t\t\t\t<\/div>\n\t\t\t\t<\/div>\n\t\t\t\t\t<\/div>\n\t\t\t\t<\/div>\n\t\t<div class=\"elementor-element elementor-element-f9f3fb0 e-flex e-con-boxed e-con e-parent\" data-id=\"f9f3fb0\" data-element_type=\"container\" data-e-type=\"container\">\n\t\t\t\t\t<div class=\"e-con-inner\">\n\t\t\t\t<div class=\"elementor-element elementor-element-199e94a elementor-widget elementor-widget-text-editor\" data-id=\"199e94a\" data-element_type=\"widget\" data-e-type=\"widget\" data-widget_type=\"text-editor.default\">\n\t\t\t\t<div class=\"elementor-widget-container\">\n\t\t\t\t\t\t\t\t\t<h2><strong>Tasar\u0131mda Yenilik ve Gelenek Aras\u0131nda Dengeli Bir Yakla\u015f\u0131m<\/strong><\/h2>\r\nT-Type 00I, tasar\u0131m\u0131yla hem nostaljik bir his yarat\u0131yor hem de modern \u00e7izgiler sunuyor. Jaguar\u2019\u0131n ikonik tasar\u0131m unsurlar\u0131, bu <a title=\"Callum Skye\" href=\"https:\/\/kreablog.com\/tr\/ian-callum-imzali-konsept-tasarim-callum-skye\/\">konseptte<\/a> dikkatle korunmu\u015f. \u00d6zellikle, ara\u00e7taki aerodinamik detaylar performans\u0131 art\u0131r\u0131rken g\u00f6rsel bir \u015f\u00f6len sunuyor. Far yap\u0131s\u0131 ve \u0131zgaras\u0131, klasik Jaguar modellerine bir selam niteli\u011finde. \u0130\u00e7 mek\u00e2nda kullan\u0131lan s\u00fcrd\u00fcr\u00fclebilir malzemeler, gelece\u011fin l\u00fcks anlay\u0131\u015f\u0131n\u0131 temsil ediyor. Jaguar, bu modelde ge\u00e7mi\u015f ve gelece\u011fi estetik bir \u015fekilde birle\u015ftirmeyi ba\u015farm\u0131\u015f. Bu tasar\u0131m anlay\u0131\u015f\u0131, T-Type 00I\u2019yi rakiplerinden farkl\u0131 bir konuma ta\u015f\u0131yor.\t\t\t\t\t\t\t\t<\/div>\n\t\t\t\t<\/div>\n\t\t\t\t\t<\/div>\n\t\t\t\t<\/div>\n\t\t<div class=\"elementor-element elementor-element-e6d6176 e-flex e-con-boxed e-con e-parent\" data-id=\"e6d6176\" data-element_type=\"container\" data-e-type=\"container\">\n\t\t\t\t\t<div class=\"e-con-inner\">\n\t\t\t\t<div class=\"elementor-element elementor-element-e35d4a3 elementor-widget elementor-widget-text-editor\" data-id=\"e35d4a3\" data-element_type=\"widget\" data-e-type=\"widget\" data-widget_type=\"text-editor.default\">\n\t\t\t\t<div class=\"elementor-widget-container\">\n\t\t\t\t\t\t\t\t\t<h2><strong>Elektrikli Ara\u00e7 Pazar\u0131nda Jaguar\u2019\u0131n Yeni Rol\u00fc<\/strong><\/h2>\n<p>T-Type 00I, Jaguar\u2019\u0131n elektrikli ara\u00e7 pazar\u0131ndaki iddias\u0131n\u0131 peki\u015ftiren bir ad\u0131m. Tesla, Porsche ve Mercedes-Benz gibi markalara rakip olan Jaguar, bu modelle pazarda fark yaratmay\u0131 hedefliyor. Ultra h\u0131zl\u0131 \u015farj teknolojisi ve \u00fcst\u00fcn s\u00fcr\u00fc\u015f dinamikleri, arac\u0131 benzersiz k\u0131l\u0131yor. Jaguar, T-Type 00I ile yaln\u0131zca bir ara\u00e7 de\u011fil, ayn\u0131 zamanda bir ya\u015fam tarz\u0131 sunuyor. Elektrikli ara\u00e7 pazar\u0131nda artan rekabet, t\u00fcketicilere daha yenilik\u00e7i \u00e7\u00f6z\u00fcmler sunulmas\u0131n\u0131 sa\u011fl\u0131yor. Bu model, Jaguar\u2019\u0131n premium segmentteki konumunu g\u00fc\u00e7lendirecek bir ara\u00e7 olarak g\u00f6r\u00fcl\u00fcyor.<\/p>\n\t\t\t\t\t\t\t\t<\/div>\n\t\t\t\t<\/div>\n\t\t\t\t\t<\/div>\n\t\t\t\t<\/div>\n\t\t<div class=\"elementor-element elementor-element-ce0b20b e-flex e-con-boxed e-con e-parent\" data-id=\"ce0b20b\" data-element_type=\"container\" data-e-type=\"container\">\n\t\t\t\t\t<div class=\"e-con-inner\">\n\t\t<div class=\"elementor-element elementor-element-a02504f e-con-full e-flex e-con e-child\" data-id=\"a02504f\" data-element_type=\"container\" data-e-type=\"container\">\n\t\t\t\t<div class=\"elementor-element elementor-element-f677653 elementor-widget elementor-widget-image\" data-id=\"f677653\" data-element_type=\"widget\" data-e-type=\"widget\" data-widget_type=\"image.default\">\n\t\t\t\t<div class=\"elementor-widget-container\">\n\t\t\t\t\t\t\t\t\t\t\t\t\t\t\t<img loading=\"lazy\" decoding=\"async\" width=\"1024\" height=\"640\" src=\"https:\/\/kreablog.com\/wp-content\/uploads\/2024\/12\/the-new-icon-of-the-electric-world-jaguar-t-type00I-7-1024x640.jpg\" class=\"attachment-large size-large wp-image-8773\" alt=\"The New Icon of the Electric World Jaguar T-Type 00I 7\" srcset=\"https:\/\/kreablog.com\/wp-content\/uploads\/2024\/12\/the-new-icon-of-the-electric-world-jaguar-t-type00I-7-1024x640.jpg 1024w, https:\/\/kreablog.com\/wp-content\/uploads\/2024\/12\/the-new-icon-of-the-electric-world-jaguar-t-type00I-7-300x188.jpg 300w, https:\/\/kreablog.com\/wp-content\/uploads\/2024\/12\/the-new-icon-of-the-electric-world-jaguar-t-type00I-7-768x480.jpg 768w, https:\/\/kreablog.com\/wp-content\/uploads\/2024\/12\/the-new-icon-of-the-electric-world-jaguar-t-type00I-7-750x469.jpg 750w, https:\/\/kreablog.com\/wp-content\/uploads\/2024\/12\/the-new-icon-of-the-electric-world-jaguar-t-type00I-7-1140x713.jpg 1140w, https:\/\/kreablog.com\/wp-content\/uploads\/2024\/12\/the-new-icon-of-the-electric-world-jaguar-t-type00I-7.jpg 1280w\" sizes=\"(max-width: 1024px) 100vw, 1024px\" \/>\t\t\t\t\t\t\t\t\t\t\t\t\t\t\t<\/div>\n\t\t\t\t<\/div>\n\t\t\t\t<\/div>\n\t\t<div class=\"elementor-element elementor-element-6d7a7e7 e-con-full e-flex e-con e-child\" data-id=\"6d7a7e7\" data-element_type=\"container\" data-e-type=\"container\">\n\t\t\t\t<div class=\"elementor-element elementor-element-04086d3 elementor-widget elementor-widget-image\" data-id=\"04086d3\" data-element_type=\"widget\" data-e-type=\"widget\" data-widget_type=\"image.default\">\n\t\t\t\t<div class=\"elementor-widget-container\">\n\t\t\t\t\t\t\t\t\t\t\t\t\t\t\t<img loading=\"lazy\" decoding=\"async\" width=\"1024\" height=\"640\" src=\"https:\/\/kreablog.com\/wp-content\/uploads\/2024\/12\/the-new-icon-of-the-electric-world-jaguar-t-type00I-2-1024x640.jpg\" class=\"attachment-large size-large wp-image-8763\" alt=\"The New Icon of the Electric World Jaguar T-Type 00I 6\" srcset=\"https:\/\/kreablog.com\/wp-content\/uploads\/2024\/12\/the-new-icon-of-the-electric-world-jaguar-t-type00I-2-1024x640.jpg 1024w, https:\/\/kreablog.com\/wp-content\/uploads\/2024\/12\/the-new-icon-of-the-electric-world-jaguar-t-type00I-2-300x188.jpg 300w, https:\/\/kreablog.com\/wp-content\/uploads\/2024\/12\/the-new-icon-of-the-electric-world-jaguar-t-type00I-2-768x480.jpg 768w, https:\/\/kreablog.com\/wp-content\/uploads\/2024\/12\/the-new-icon-of-the-electric-world-jaguar-t-type00I-2-750x469.jpg 750w, https:\/\/kreablog.com\/wp-content\/uploads\/2024\/12\/the-new-icon-of-the-electric-world-jaguar-t-type00I-2-1140x713.jpg 1140w, https:\/\/kreablog.com\/wp-content\/uploads\/2024\/12\/the-new-icon-of-the-electric-world-jaguar-t-type00I-2.jpg 1280w\" sizes=\"(max-width: 1024px) 100vw, 1024px\" \/>\t\t\t\t\t\t\t\t\t\t\t\t\t\t\t<\/div>\n\t\t\t\t<\/div>\n\t\t\t\t<\/div>\n\t\t\t\t\t<\/div>\n\t\t\t\t<\/div>\n\t\t<div class=\"elementor-element elementor-element-91a6e2d e-flex e-con-boxed e-con e-parent\" data-id=\"91a6e2d\" data-element_type=\"container\" data-e-type=\"container\">\n\t\t\t\t\t<div class=\"e-con-inner\">\n\t\t\t\t<div class=\"elementor-element elementor-element-ce4a9ae elementor-widget elementor-widget-text-editor\" data-id=\"ce4a9ae\" data-element_type=\"widget\" data-e-type=\"widget\" data-widget_type=\"text-editor.default\">\n\t\t\t\t<div class=\"elementor-widget-container\">\n\t\t\t\t\t\t\t\t\t<h3><strong>Jaguar T-Type 00I\u2019nin Gelece\u011fe Etkisi<\/strong><\/h3>\n<p>T-Type 00I, Jaguar\u2019\u0131n elektrikli mobiliteye ge\u00e7i\u015f s\u00fcrecinde \u00f6nemli bir d\u00f6n\u00fcm noktas\u0131. Bu ara\u00e7, sadece bir konsept olman\u0131n \u00f6tesinde, gelece\u011fin otomotiv trendlerini belirleyecek yenilikler i\u00e7eriyor. Teknolojik ve estetik \u00f6zellikleriyle \u00f6ne \u00e7\u0131kan T-Type 00I, sekt\u00f6rde yeni bir standard\u0131 temsil ediyor. Jaguar, bu konseptle s\u00fcrd\u00fcr\u00fclebilirlik ve l\u00fcks\u00fc bir araya getirerek dikkatleri \u00fczerine \u00e7ekiyor. Elektrikli ara\u00e7 teknolojilerinde ya\u015fanan h\u0131zl\u0131 geli\u015fmeler, T-Type 00I gibi modellerle daha da h\u0131zlanacak.<\/p>\n<p>Jaguar\u2019\u0131n T-Type 00I konsepti, markan\u0131n vizyonunu ve gelece\u011fe y\u00f6nelik stratejisini yans\u0131t\u0131yor. Elektrikli ara\u00e7lar, otomotiv sekt\u00f6r\u00fcnde yaln\u0131zca bir trend de\u011fil, ayn\u0131 zamanda bir gereklilik haline geliyor. Jaguar, bu ge\u00e7i\u015f s\u00fcrecinde \u00f6nc\u00fc bir rol \u00fcstlenmeye devam ediyor. T-Type 00I, gelece\u011fin elektrikli d\u00fcnyas\u0131na a\u00e7\u0131lan bir kap\u0131 olarak otomotiv d\u00fcnyas\u0131na ilham veriyor.<\/p>\n\t\t\t\t\t\t\t\t<\/div>\n\t\t\t\t<\/div>\n\t\t\t\t\t<\/div>\n\t\t\t\t<\/div>\n\t\t<div class=\"elementor-element elementor-element-26ecf2f e-flex e-con-boxed e-con e-parent\" data-id=\"26ecf2f\" data-element_type=\"container\" data-e-type=\"container\">\n\t\t\t\t\t<div class=\"e-con-inner\">\n\t\t\t\t<div class=\"elementor-element elementor-element-ebf8755 elementor-widget elementor-widget-text-editor\" data-id=\"ebf8755\" data-element_type=\"widget\" data-e-type=\"widget\" data-widget_type=\"text-editor.default\">\n\t\t\t\t<div class=\"elementor-widget-container\">\n\t\t\t\t\t\t\t\t\t<h3><strong>Yeni Logo Yeni Tasar\u0131m<\/strong><\/h3>\n<p>Hat\u0131rlayaca\u011f\u0131n\u0131z gibi Jaguar, gelece\u011fe y\u00f6nelik vizyonunu yans\u0131tan yeni logosunu tan\u0131tm\u0131\u015ft\u0131. Minimalist tasar\u0131ma sahip logo, d\u00fcz ve stilize bir \u015fekilde s\u0131\u00e7rayan jaguar fig\u00fcr\u00fc i\u00e7eriyor. Bu de\u011fi\u015fiklik, markan\u0131n elektrikli ara\u00e7lara ge\u00e7i\u015f stratejisiyle uyumlu bir modernle\u015fme ad\u0131m\u0131 olarak de\u011ferlendiriliyordu. G\u00f6rd\u00fck ki bu modernle\u015fme ara\u00e7 tasar\u0131m\u0131na da yans\u0131m\u0131\u015f. T\u0131pk\u0131 logo gibi yeni T-Type 00I de sadelik ve modernlik vurgusuyla dikkat \u00e7ekiyor. Siz elektrikli d\u00fcnyan\u0131n yeni ikonu Jaguar T-Type 00I hakk\u0131nda ne d\u00fc\u015f\u00fcn\u00fcyorsunuz?<\/p>\n\t\t\t\t\t\t\t\t<\/div>\n\t\t\t\t<\/div>\n\t\t\t\t\t<\/div>\n\t\t\t\t<\/div>\n\t\t<div class=\"elementor-element elementor-element-82f6187 e-flex e-con-boxed e-con e-parent\" data-id=\"82f6187\" data-element_type=\"container\" data-e-type=\"container\">\n\t\t\t\t\t<div class=\"e-con-inner\">\n\t\t\t\t<div class=\"elementor-element elementor-element-000dd12 elementor-widget elementor-widget-video\" data-id=\"000dd12\" data-element_type=\"widget\" data-e-type=\"widget\" data-settings=\"{&quot;youtube_url&quot;:&quot;https:\\\/\\\/www.youtube.com\\\/watch?v=zZIkPMIZxb4&quot;,&quot;video_type&quot;:&quot;youtube&quot;,&quot;controls&quot;:&quot;yes&quot;}\" data-widget_type=\"video.default\">\n\t\t\t\t<div class=\"elementor-widget-container\">\n\t\t\t\t\t\t\t<div class=\"elementor-wrapper elementor-open-inline\">\n\t\t\t<div class=\"elementor-video\"><\/div>\t\t<\/div>\n\t\t\t\t\t\t<\/div>\n\t\t\t\t<\/div>\n\t\t\t\t\t<\/div>\n\t\t\t\t<\/div>\n\t\t\t\t<\/div>\n\t\t","protected":false},"excerpt":{"rendered":"<p>Elektrikli d\u00fcnyan\u0131n yeni ikonu Jaguar T-Type 00I, elektrikli ara\u00e7 d\u00fcnyas\u0131na g\u00fc\u00e7l\u00fc bir giri\u015f yap\u0131yor. T-Type 00I konsept arac\u0131, markan\u0131n teknolojik gelece\u011fe y\u00f6nelik iddias\u0131n\u0131 yans\u0131t\u0131yor. Tasar\u0131m\u0131nda Jaguar\u2019\u0131n klasik sportif \u00e7izgileri ve modern detaylar bir araya geliyor. Bu ara\u00e7, Jaguar\u2019\u0131n sadece ge\u00e7mi\u015fine de\u011fil, gelece\u011fine olan ba\u011fl\u0131l\u0131\u011f\u0131n\u0131 da sergiliyor. T-Type 00I\u2019nin duyurusu, otomotiv sekt\u00f6r\u00fcnde geni\u015f yank\u0131 uyand\u0131rd\u0131. Arac\u0131n [&hellip;]<\/p>\n","protected":false},"author":2,"featured_media":8775,"comment_status":"closed","ping_status":"closed","sticky":false,"template":"","format":"standard","meta":{"_aioseo_title":"","_aioseo_description":"","_aioseo_keyphrases":"","_video_image1":"","_video_image2":"","jnews-multi-image_gallery":[],"jnews_single_post":{"format":"standard"},"jnews_primary_category":[],"jnews_override_counter":[],"footnotes":""},"categories":[109],"tags":[],"class_list":["post-8783","post","type-post","status-publish","format-standard","has-post-thumbnail","hentry","category-marka-reklam"],"aioseo_notices":[],"_links":{"self":[{"href":"https:\/\/kreablog.com\/tr\/wp-json\/wp\/v2\/posts\/8783","targetHints":{"allow":["GET"]}}],"collection":[{"href":"https:\/\/kreablog.com\/tr\/wp-json\/wp\/v2\/posts"}],"about":[{"href":"https:\/\/kreablog.com\/tr\/wp-json\/wp\/v2\/types\/post"}],"author":[{"embeddable":true,"href":"https:\/\/kreablog.com\/tr\/wp-json\/wp\/v2\/users\/2"}],"replies":[{"embeddable":true,"href":"https:\/\/kreablog.com\/tr\/wp-json\/wp\/v2\/comments?post=8783"}],"version-history":[{"count":47,"href":"https:\/\/kreablog.com\/tr\/wp-json\/wp\/v2\/posts\/8783\/revisions"}],"predecessor-version":[{"id":8858,"href":"https:\/\/kreablog.com\/tr\/wp-json\/wp\/v2\/posts\/8783\/revisions\/8858"}],"wp:featuredmedia":[{"embeddable":true,"href":"https:\/\/kreablog.com\/tr\/wp-json\/wp\/v2\/media\/8775"}],"wp:attachment":[{"href":"https:\/\/kreablog.com\/tr\/wp-json\/wp\/v2\/media?parent=8783"}],"wp:term":[{"taxonomy":"category","embeddable":true,"href":"https:\/\/kreablog.com\/tr\/wp-json\/wp\/v2\/categories?post=8783"},{"taxonomy":"post_tag","embeddable":true,"href":"https:\/\/kreablog.com\/tr\/wp-json\/wp\/v2\/tags?post=8783"}],"curies":[{"name":"wp","href":"https:\/\/api.w.org\/{rel}","templated":true}]}}